{"id":506,"date":"2025-03-07T21:00:00","date_gmt":"2025-03-07T21:00:00","guid":{"rendered":"https:\/\/consortiulcorona.ro\/?p=506"},"modified":"2025-03-06T16:10:53","modified_gmt":"2025-03-06T16:10:53","slug":"castigatorii-premiilor-in-cultura-brasov-pac-2024","status":"publish","type":"post","link":"https:\/\/consortiulcorona.ro\/?p=506","title":{"rendered":"C\u00e2\u0219tig\u0103torii Premiilor \u00een Cultur\u0103 Bra\u0219ov PAC 2024"},"content":{"rendered":"\n<p><strong>Bra\u0219ov, 7 martie 2025 \u2013 Gala Premiilor \u00een Cultur\u0103 Bra\u0219ov 2024<\/strong>, organizat\u0103 cu scopul de a promova artele \u0219i cultura c\u0103tre publicuri noi \u0219i pentru a celebra excelen\u021ba \u00een domeniul artistic \u0219i cultural al jude\u021bului nostru, a avut loc vineri 7 martie, de la 18:00, la Rectoratul Universit\u0103\u021bii Transilvania din Bra\u0219ov, Sala Studio 181, \u00eentr-o atmosfer\u0103 deosebit\u0103, al\u0103turi de invita\u021bi speciali: personalit\u0103\u021bi artistice, reprezentan\u021bi ai autorit\u0103\u021bilor locale \u0219i sus\u021bin\u0103tori ai culturii.&nbsp;<\/p>\n\n\n\n<p>Juriul, format din:<\/p>\n\n\n\n<h3><strong>Andrei Popov<\/strong><\/h3>\n\n\n\n<p>Director adjunct al Forumului Cultural Austriac Bucure\u0219ti, Andrei Popov \u00eembin\u0103 pasiunea pentru cultur\u0103 cu o vast\u0103 experien\u021b\u0103 \u00een jurnalism \u0219i management cultural. A studiat \u0219tiin\u021be politice la Universitatea din Bucure\u0219ti, explor\u00e2nd la intersec\u021bia dintre cultur\u0103, politic\u0103 \u0219i societate.<\/p>\n\n\n\n<p>Este autor \u0219i coautor al unor volume de referin\u021b\u0103, precum <em>\u201eFrance Danse Orient-Express\u201d<\/em> (2019) \u0219i <em>\u201eBook of visions for a #newTogether\u201d<\/em> (2023), prin care contribuie la promovarea schimburilor culturale interna\u021bionale.<\/p>\n\n\n\n<p>Prin activitatea sa, Andrei Popov sus\u021bine ini\u021biativele artistice contemporane \u0219i faciliteaz\u0103 dialogul dintre arti\u0219tii rom\u00e2ni \u0219i scena cultural\u0103 european\u0103, consolid\u00e2nd leg\u0103turile dintre Rom\u00e2nia \u0219i Austria.<\/p>\n\n\n\n<hr class=\"wp-block-separator has-alpha-channel-opacity\"\/>\n\n\n\n<h3><strong>Valer Hanca\u0219<\/strong><\/h3>\n\n\n\n<p>Cu aproape dou\u0103 decenii de experien\u021b\u0103 \u00een retail, Valer Hanca\u0219 este unul dintre cei mai aprecia\u021bi speciali\u0219ti \u00een comunicare corporativ\u0103 din Rom\u00e2nia. Economist de profesie \u0219i orator carismatic, a ocupat diverse pozi\u021bii de management \u00een cadrul Kaufland Rom\u00e2nia.<\/p>\n\n\n\n<p>\u00cen prezent, \u00een calitate de <strong>Director de Comunicare &amp; Corporate Affairs<\/strong>, coordoneaz\u0103 strategia de comunicare a companiei, implic\u00e2ndu-se activ \u00een proiecte de responsabilitate social\u0103 \u0219i dezvoltare comunitar\u0103.<\/p>\n\n\n\n<p>Prin expertiza sa \u00een v\u00e2nz\u0103ri, marketing \u0219i rela\u021bii publice, contribuie la promovarea unor ini\u021biative culturale \u0219i educa\u021bionale, sprijinind dezvoltarea unui mediu sustenabil pentru arti\u0219ti \u0219i creatori.<\/p>\n\n\n\n<hr class=\"wp-block-separator has-alpha-channel-opacity\"\/>\n\n\n\n<h3><strong>Diana Popescu<\/strong><\/h3>\n\n\n\n<p>Jurnalist cultural cu peste 20 de ani de experien\u021b\u0103, Diana Popescu a realizat interviuri cu personalit\u0103\u021bi marcante ale lumii artistice interna\u021bionale, de la scriitori laurea\u021bi ai Premiului Nobel la staruri de la Hollywood.<\/p>\n\n\n\n<p>A fost produc\u0103torul emisiunii <strong>DIGICULT<\/strong> timp de 7 ani la Digi24 \u0219i este gazda podcastului <strong>CRONICARI DIGITALI<\/strong>, unde exploreaz\u0103 patrimoniul cultural \u00eentr-o manier\u0103 inovatoare. \u00cen 2020, a debutat \u00een literatura pentru copii cu volumul <em>\u201eAventurile Lunei \u00een lumea cuvintelor sucite\u201d<\/em>.<\/p>\n\n\n\n<p>Pasionat\u0103 de teatru, promoveaz\u0103 spectacolele rom\u00e2ne\u0219ti prin podcastul <strong>VORBITORINCII<\/strong> \u0219i \u00een publica\u021bii culturale, contribuind activ la dezvoltarea \u0219i vizibilitatea scenei artistice din Rom\u00e2nia.<\/p>\n\n\n\n<hr class=\"wp-block-separator has-alpha-channel-opacity\"\/>\n\n\n\n<p>a desemnat, al\u0103turi de publicul bra\u0219ovean (peste 2.700 de voturi), cu o pondere 50-50%, c\u00e2\u0219tig\u0103torii premiilor anului 2024, la diverse categorii culturale.&nbsp;<\/p>\n\n\n\n<p><strong>Andrei Popov, Director adjunct al Forumului Cultural Austriac Bucure\u0219ti<\/strong>, a declarat: \u201eForumul Cultural Austriac este onorat s\u0103 fie reprezentat \u00een juriul acestei edi\u021bii a Premiilor anuale \u00een Cultur\u0103 ale Bra\u0219ovului, av\u00e2nd \u00een vedere c\u0103 oferta noastr\u0103 de evenimente pentru ora\u0219ul dumneavoastr\u0103 continu\u0103 s\u0103 se dezvolte, la fel ca \u0219i colaborarea excelent\u0103 cu numero\u0219i operatori culturali locali. Premiile din acest an au fost, \u00eent\u00e2i de toate, o \u00eentrecere a originalit\u0103\u021bii \u0219i acest lucru arat\u0103 c\u0103 scena cultural\u0103 bra\u0219ovean\u0103 are o dinamic\u0103 ce trebuie neap\u0103rat s\u0103 fie stimulat\u0103, pentru c\u0103 poten\u021bialul s\u0103u este formidabil. Nu putem dec\u00e2t s\u0103 sper\u0103m c\u0103 publicul va \u00eencuraja \u0219i pe viitor, \u00eenc\u0103 \u0219i mai mult, organiza\u021biile culturale independente ale Bra\u0219ovului care, prin spiritul lor inovator, impulsioneaz\u0103 creativitatea \u00eentregului mediu cultural \u0219i, mai ales, pe cea a publicului.\u201d<\/p>\n\n\n\n<p><strong>Diana Popescu, jurnalist cultural<\/strong>, a ad\u0103ugat: \u201eDe multe ori noi, tr\u0103itorii \u00een Bucure\u0219ti, avem tendin\u021ba de a crede c\u0103 \u00een ora\u0219ul nostru se d\u0103 ora exact\u0103 \u00een cultur\u0103. Dac\u0103 ai curiozitatea s\u0103 \u201ep\u0103r\u0103se\u0219ti incinta\u201d \u0219i s\u0103 cau\u021bi teatru, literatur\u0103, muzic\u0103, arte vizuale \u00een alte locuri din \u021bar\u0103, ai putea avea surpriza c\u0103 \u0219i acolo exist\u0103 oameni pasiona\u021bi, pricepu\u021bi, hot\u0103r\u00e2\u021bi s\u0103 pun\u0103 creativitatea \u00een prim-plan. \u0218i, c\u00e2teodat\u0103, te alegi chiar cu revela\u021bii. M\u0103 bucur c\u0103 am avut ocazia de-a juriza Premiile Anului \u00een Cultur\u0103, fiindc\u0103 mi-am amintit c\u0103 Bra\u0219ovul are multe de spus, \u00een varii domenii artistice. C\u0103 aici sunt profesioni\u0219ti care nu sufer\u0103 de sindromul provincialului \u0219i se \u00eenc\u0103p\u0103\u021b\u00e2neaz\u0103 s\u0103-\u0219i fac\u0103 impecabil treaba. \u0218i, mai ales, s\u0103 vad\u0103 cultura ca pe o prioritate. Vreau s\u0103 cred \u00eentr-un viitor \u00een care arta va \u201econtamina\u201d fiecare ora\u0219 rom\u00e2nesc.\u201d<\/p>\n\n\n\n<p><strong>Iat\u0103 lista c\u00e2\u0219tig\u0103torilor Premiilor \u00een Cultur\u0103 Bra\u0219ov 2024:<\/strong><\/p>\n\n\n\n<p>CARTEA ANULUI&nbsp;&nbsp;<\/p>\n\n\n\n<p>\u201eRe\u021bete \u0219i pove\u0219ti culinare din Bra\u0219ov. Fabuloasa istorie a cafelei, portocalei \u0219i a mirodeniilor\u201d \u2013 dr. Alexandru St\u0103nescu<\/p>\n\n\n\n<p>CONCERTUL ANULUI&nbsp;&nbsp;<\/p>\n\n\n\n<p>\u201eSp\u0103rg\u0103torul de nuci\u201d de P. I. Ceaikovski (dirijor Tiberiu Soare), Filarmonica Bra\u0219ov<\/p>\n\n\n\n<p>EXPOZI\u021aIA ANULUI&nbsp;&nbsp;<\/p>\n\n\n\n<p>\u201eUrgen\u021be\u201d de Lia \u0219i Dan Perjovschi, Muzeul de Art\u0103 Bra\u0219ov<\/p>\n\n\n\n<p>SPECTACOLUL DE TEATRU AL ANULUI&nbsp;&nbsp;<\/p>\n\n\n\n<p>\u201eDon Quijote\u201d, Teatrul pentru copii \u201eArlechino\u201d Bra\u0219ov<\/p>\n\n\n\n<p>SPECTACOLUL DE DANS\/PERFORMANCE AL ANULUI&nbsp;&nbsp;<\/p>\n\n\n\n<p>\u201eAnotimpurile\u201d, Opera Bra\u0219ov (Regia \u0219i coregrafia Alexandru Fotescu)<\/p>\n\n\n\n<p>PROIECTUL LITERAR AL ANULUI&nbsp;&nbsp;<\/p>\n\n\n\n<p>Papercuts. Festivalul poeziei \u00een pagin\u0103, Facultatea de Litere \u0219i Centrul Multicultural al Universit\u0103\u021bii Transilvania din Bra\u0219ov<\/p>\n\n\n\n<p>PROIECTUL DE ARTE VIZUALE AL ANULUI&nbsp;&nbsp;<\/p>\n\n\n\n<p>Explor\u00e2nd gravurile lui Hans Hermann. De la arta tradi\u021bional\u0103 la cea digital\u0103, Muzeul de Art\u0103 Bra\u0219ov<\/p>\n\n\n\n<p>PROIECTUL MUZICAL AL ANULUI&nbsp;&nbsp;<\/p>\n\n\n\n<p>Unison Music Festival RUMF 2024, Asocia\u021bia George Dumitra\u0219cu<\/p>\n\n\n\n<p>AFI\u0218UL CULTURAL AL ANULUI&nbsp;&nbsp;<\/p>\n\n\n\n<p>Dracula Film Festival, ed. a XII-a, Autor: Fernando Dagnino<\/p>\n\n\n\n<p>DEBUT&nbsp;&nbsp;<\/p>\n\n\n\n<p>Olimpia \u2013 Muzeul Sportului \u0219i Turismului Montan, Muzeul Jude\u021bean de Istorie Bra\u0219ov<\/p>\n\n\n\n<p>PROIECTUL DE EDUCA\u021aIE CULTURAL\u0102 AL ANULUI&nbsp;&nbsp;<\/p>\n\n\n\n<p>\u0218coala de Var\u0103 la Muzeul de Art\u0103 Bra\u0219ov, Muzeul de Art\u0103 Bra\u0219ov<\/p>\n\n\n\n<p>FESTIVALUL ANULUI&nbsp;&nbsp;<\/p>\n\n\n\n<p>Bra\u0219ov Jazz &amp; Blues Festival, ed. a XII-a, Asocia\u021bia Cultural\u0103 Fanzin<\/p>\n\n\n\n<p>SPRIJIN DIN COMUNITATE&nbsp;&nbsp;<\/p>\n\n\n\n<p>Voluntariat Bra\u0219ov, Ionu\u021b David, Project Manager<\/p>\n\n\n\n<p>ORGANIZA\u021aIA ANULUI&nbsp;&nbsp;<\/p>\n\n\n\n<p>Filarmonica Bra\u0219ov<\/p>\n\n\n\n<p>PROIECTUL CULTURAL AL ANULUI&nbsp;&nbsp;<\/p>\n\n\n\n<p>Restaurare Live la Muzeul de Art\u0103 Bra\u0219ov, Muzeul de Art\u0103 Bra\u0219ov<\/p>\n\n\n\n<p>Aceste premii reflect\u0103 dedicarea \u0219i pasiunea celor care contribuie la dezvoltarea cultural\u0103 a Bra\u0219ovului, iar Gala Premiilor \u00een Cultur\u0103 2024 a fost un eveniment deosebit \u00een cadrul c\u0103ruia am celebrat inova\u021bia, profesionalismul \u0219i creativitatea din domeniul artistic.<\/p>\n\n\n\n<p>Gala Premiilor \u00een Cultur\u0103 2024 a fost organizat\u0103 cu sprijinul Coresi. Parteneri media: fwdBV \u0219i Rock FM. Gazd\u0103: Universitatea Transilvania din Bra\u0219ov.<\/p>\n\n\n\n<p>Gala Premiilor \u00een Cultur\u0103 Bra\u0219ov este un eveniment anual care celebreaz\u0103 cele mai importante realiz\u0103ri culturale din ora\u0219, oferind recunoa\u0219tere \u0219i sprijin pentru proiectele \u0219i personalit\u0103\u021bile care influen\u021beaz\u0103 scena cultural\u0103 local\u0103. Consor\u021biul Cultural Corona este o organiza\u021bie non-guvernamental\u0103, care are ca scop stimularea activit\u0103\u021bii \u0219i calit\u0103\u021bii sectorului cultural \u00een jude\u021bul Bra\u0219ov.<\/p>\n","protected":false},"excerpt":{"rendered":"<p>Bra\u0219ov, 7 martie 2025 \u2013 Gala Premiilor \u00een Cultur\u0103 Bra\u0219ov 2024, organizat\u0103 cu scopul de a promova artele \u0219i cultura c\u0103tre publicuri noi \u0219i pentru a celebra excelen\u021ba \u00een domeniul artistic \u0219i cultural al jude\u021bului nostru, a avut loc vineri 7 martie, de la 18:00, la Rectoratul Universit\u0103\u021bii Transilvania din &#8230;<\/p>\n","protected":false},"author":1,"featured_media":508,"comment_status":"closed","ping_status":"closed","sticky":false,"template":"","format":"standard","meta":[],"categories":[142,5],"tags":[8,7,13,143,21,38,30],"_links":{"self":[{"href":"https:\/\/consortiulcorona.ro\/index.php?rest_route=\/wp\/v2\/posts\/506"}],"collection":[{"href":"https:\/\/consortiulcorona.ro\/index.php?rest_route=\/wp\/v2\/posts"}],"about":[{"href":"https:\/\/consortiulcorona.ro\/index.php?rest_route=\/wp\/v2\/types\/post"}],"author":[{"embeddable":true,"href":"https:\/\/consortiulcorona.ro\/index.php?rest_route=\/wp\/v2\/users\/1"}],"replies":[{"embeddable":true,"href":"https:\/\/consortiulcorona.ro\/index.php?rest_route=%2Fwp%2Fv2%2Fcomments&post=506"}],"version-history":[{"count":1,"href":"https:\/\/consortiulcorona.ro\/index.php?rest_route=\/wp\/v2\/posts\/506\/revisions"}],"predecessor-version":[{"id":509,"href":"https:\/\/consortiulcorona.ro\/index.php?rest_route=\/wp\/v2\/posts\/506\/revisions\/509"}],"wp:featuredmedia":[{"embeddable":true,"href":"https:\/\/consortiulcorona.ro\/index.php?rest_route=\/wp\/v2\/media\/508"}],"wp:attachment":[{"href":"https:\/\/consortiulcorona.ro\/index.php?rest_route=%2Fwp%2Fv2%2Fmedia&parent=506"}],"wp:term":[{"taxonomy":"category","embeddable":true,"href":"https:\/\/consortiulcorona.ro\/index.php?rest_route=%2Fwp%2Fv2%2Fcategories&post=506"},{"taxonomy":"post_tag","embeddable":true,"href":"https:\/\/consortiulcorona.ro\/index.php?rest_route=%2Fwp%2Fv2%2Ftags&post=506"}],"curies":[{"name":"wp","href":"https:\/\/api.w.org\/{rel}","templated":true}]}}