{"id":445,"date":"2024-02-18T15:11:03","date_gmt":"2024-02-18T15:11:03","guid":{"rendered":"https:\/\/consortiulcorona.ro\/?p=445"},"modified":"2024-02-21T10:34:34","modified_gmt":"2024-02-21T10:34:34","slug":"gala-premiilor-anului-in-cultura-2023-la-brasov-un-spectacol-de-recunoastere-pentru-excelenta","status":"publish","type":"post","link":"https:\/\/consortiulcorona.ro\/?p=445","title":{"rendered":"Gala Premiilor Anului \u00een Cultur\u0103 2023 la Bra\u0219ov: Un spectacol de recunoa\u0219tere pentru excelen\u021b\u0103"},"content":{"rendered":"\n<p>Consor\u021biul Cultural Corona v\u0103 invit\u0103 cu bucurie la un eveniment deosebit &#8211; Gala Premiilor Anului \u00een Cultur\u0103 2023 la Bra\u0219ov. Aceast\u0103 festivitate de decernare va avea loc miercuri, 21 februarie, la Centrul Multicultural al Universit\u0103\u021bii Transilvania, \u00eencep\u00e2nd cu ora 18:00. Un prilej deosebit \u00een care vom celebra \u0219i recunoa\u0219te contribu\u021bia remarcabil\u0103 a organiza\u021biilor, proiectelor \u0219i evenimentelor care au animat \u00een mod excep\u021bional via\u021ba cultural\u0103 a Bra\u0219ovului \u00een cursul anului trecut.<\/p>\n\n\n\n<p>Participarea este deschis\u0103 publicului, iar accesul se va face \u00eencep\u00e2nd cu ora 17:30, \u00een limita locurilor disponibile. O oportunitate unic\u0103 de a descoperi \u0219i s\u0103 aplaud\u0103m acele entit\u0103\u021bi \u0219i ini\u021biative care au fost votate at\u00e2t de public, c\u00e2t \u0219i de speciali\u0219ti din afara ora\u0219ului ca fiind contribu\u021bii semnificative la scena cultural\u0103 bra\u0219ovean\u0103 \u00een 2023.<\/p>\n\n\n\n<p>Gala Premiilor Anului \u00een Cultur\u0103 la Bra\u0219ov 2023 beneficiaz\u0103 de sprijinul generos al Coresi Shopping Resort \u0219i are parteneri media de prestigiu: Zile \u0219i Nop\u021bi fwdBV \u0219i RockFM.<\/p>\n\n\n\n<p>Nominaliz\u0103rile pentru cele 14 categorii cuprind o varietate impresionant\u0103 de proiecte \u0219i personalit\u0103\u021bi, reflect\u00e2nd diversitatea \u0219i bog\u0103\u021bia culturii locale. De la c\u0103r\u021bi remarcabile la expozi\u021bii captivante, spectacole de teatru \u0219i dans, concerte memorabile, p\u00e2n\u0103 la proiecte literare, muzicale, culturale \u0219i de arte vizuale, Gala aduce \u00een prim-plan excelen\u021ba din toate aceste domenii.<\/p>\n\n\n\n<p>C\u00e2\u0219tig\u0103torii vor fi desemna\u021bi \u00een func\u021bie de op\u021biunile publicului, av\u00e2nd o pondere de 50%, \u0219i de c\u0103tre un juriu format din personalit\u0103\u021bi ale artei contemporane \u0219i ale managementului cultural din afara Bra\u0219ovului, cu o pondere similar\u0103 de 50%. O sear\u0103 \u00een care comunitatea cultural\u0103 se adun\u0103 pentru a s\u0103rb\u0103tori excelen\u021ba \u0219i pentru a \u00eencuraja continuarea dezvolt\u0103rii culturale \u00een Bra\u0219ov.<br><br>Prezint\u0103 <a href=\"https:\/\/horiaghibutiu.ro\">Horia Ghibu\u021biu<\/a>, scriitor \u0219i jurnalist cultural.<\/p>\n\n\n\n<p><em>NOMINALIZ\u0102RI 2023:<\/em><\/p>\n\n\n\n<p>CARTEA ANULUI<br>\u201eMiraculoasa via\u0163\u0103 uitat\u0103 a lui Iris Cartier\u201d, Flavius Ardelean-Bachmann<br>\u201eDumitru \u0218chiopu (pictur\u0103 \u0219i grafic\u0103)\u201d, Editura Universit\u0103\u021bii Transilvania din Bra\u0219ov<br>\u201eCet\u0103\u021buia Bra\u0219ovului\u201d, Nicolae Pepene<br>\u201eTor\u021be vii \u00een Blocul Sovietic\u201d, Petr Bla\u017eek<br>\u201eStadii\u201d, Oana Paler<\/p>\n\n\n\n<p>EXPOZI\u021aIA ANULUI<br>\u201eUn drum c\u00e2t 100 de vie\u021bi\u201d de Ren\u00e9e Renard, Centrul Cultural German<br>\u201eBra\u0219ovul \u00een imagini din colec\u021biile Muzeului Na\u021bional Brukenthal\u201d, Muzeul \u201eCasa Mure\u0219enilor\u201d Bra\u0219ov<br>\u201eGeometria gestului\u201d de Dumitru \u0218chiopu, Centrul Multicultural al Universit\u0103\u021bii Transilvania din Bra\u0219ov<br>\u201eExcess\u201d de Virgilius Moldovan, Asocia\u021bia Cultural\u0103 Artessentia<br>\u201eTot ce ai v\u0103zut se va \u00eemplini\u201d de Andrei Gamar\u021b, Muzeul de Art\u0103 Bra\u0219ov<br>\u201eMode \u015fi cafenele \u00een Bra\u015fovul de odinioar\u0103\u201d, Muzeul de Etnografie Bra\u0219ov<br>\u201eScurt\u0103 istorie despre GOPO\u201d, Muzeul Jude\u021bean de Istorie Bra\u0219ov<br>\u201eCerul \u0219i P\u0103m\u00e2ntul\u201d de Raluca \u021ainc\u0103 \u0219i Andreia Sabo, galeria INSPIRATIO<\/p>\n\n\n\n<p>SPECTACOLUL DE TEATRU AL ANULUI<br>\u201eCrocodil\u201d, Asocia\u021bia Antiteatru<br>\u201eOmul zilei\u201d, Teatrul \u201eSic\u0103 Alexandrescu\u201d Bra\u0219ov<br>\u201eYerma\u201d, Teatrul \u201eSic\u0103 Alexandrescu\u201d Bra\u0219ov<br>\u201eNastasia -o poveste de cartier-\u201d, Teatrul \u201eSic\u0103 Alexandrescu\u201d Bra\u0219ov<\/p>\n\n\n\n<p>SPECTACOLUL DE DANS\/PERFORMANCE AL ANULUI<br>\u201eEine Reise am Weihnachtsabend \u2013 L\u0103sa\u021bi colinda-n cas\u0103? \u2013 Kar\u00e1csonyi Meseorsz\u00e1g\u201d, Asocia\u021bia cultural\u0103 \u201eCu timp pentru cultur\u0103\u201d<br>\u201eDigital Heaven\u201d, Cristina Bodn\u0103rescu<\/p>\n\n\n\n<p>CONCERTUL ANULUI<br>\u201eNabucco\u201d, Opera Bra\u0219ov<br>\u201eCarmina Burana\u201d, Centrul Cultural Apollonia<br>SERENE &amp; Rahmaninov&#8217;s Artificial Intelligence, Filarmonica Bra\u0219ov<\/p>\n\n\n\n<p>FESTIVALUL ANULUI<br>LIBfest T\u00e2rgul de cArte \u0219i Experien\u021be Culturale, Asocia\u021bia Libris Cultural<br>Bra\u0219ov Jazz&amp;Blues Festival 2023, Asocia\u021bia Cultural\u0103 Fanzin<br>Festivalul de Oper\u0103, Operet\u0103 \u0219i Balet 2023, Opera Bra\u0219ov<br>Culturama, Centrul Cultural Apollonia<br>Alpin Film Festival, Asocia\u021bia Secven\u021be<br>Festivalul de Film \u0219i Istorii la R\u00e2\u0219nov, Bra\u0219ov, Codlea, Feldioara \u0219i Bran, Asocia\u021bia Mioritics Rockstadt Extreme Fest, Asocia\u021bia Cultural\u0103 REF<br>S\u0103pt\u0103m\u00e2na Comediei 2023, Asocia\u021bia Cultural\u0103 Fanzin<br>Street Delivery Bra\u0219ov, Funda\u021bia C\u0103rture\u0219ti<\/p>\n\n\n\n<p>PROIECTUL LITERAR AL ANULUI<br>AntareSFest, Asocia\u021bia Antares Sci-Fi &amp; Fantasy Club Bra\u0219ov<br>Bienala european\u0103 de poezie (edi\u021bia a VI-a): Us\/Noi, Facultatea de Litere \u0219i Centrul Multicultural al Universit\u0103\u021bii Transilvania din Bra\u0219ov<br>Bra\u0219ovul literar (edi\u021bia a II-a), Casa de Pariuri Literare<\/p>\n\n\n\n<p>PROIECTUL MUZICAL AL ANULUI<br>Chamber Jazz@Universitatea Transilvania, Centrul Multicultural al Universit\u0103\u021bii Transilvania din Bra\u0219ov<br>Jazz Bastion &#8211; Globetrotter, Asocia\u021bia Uniunea de Crea\u021bie Interpretativ\u0103 a Muzicienilor din Rom\u00e2nia<br>Integrala sonatelor pt. pian \u0219i vioar\u0103 de Ludwig van Beethoven, Muzeul \u201eCasa Mure\u0219enilor\u201d Bra\u0219ov<br>Bluesferatu, Asocia\u021bia Transilvania Arts &amp; Events<br>Recitalul de la ora 5, Muzeul \u201eCasa Mure\u0219enilor\u201d Bra\u0219ov \u0219i Opera Bra\u0219ov<\/p>\n\n\n\n<p>PROIECTUL CULTURAL AL ANULUI<br>Accelerator Bra\u0219ov: program de mentorat \u0219i produc\u021bie pentru arti\u0219tii emergen\u021bi, Asocia\u021bia Cutural\u0103 Eastwards Prospectus (ACEP)<br>R\u00e2\u0219nov Creativ, Asocia\u021bia Mioritics<br>Podcastul de Istorie, Podcastul de Istorie<br>Noaptea Muzeelor 2023 la Bra\u0219ov<\/p>\n\n\n\n<p>PROIECTUL DE ARTE VIZUALE AL ANULUI<br>SEWA @Noaptea Alb\u0103 a Galeriilor, SEWA Experiences<br>Dumitru \u0218chiopu: Geometria gestului, Centrul Multicultural al Universit\u0103\u021bii Transilvania din Bra\u0219ov<br>Bienala Albastr\u0103 &#8211; Bienala Interna\u021bional\u0103 De Art\u0103 Vizual\u0103 Bra\u0219ov 2023 &#8211; Oximoron, Asocia\u021bia Artessentia<br>\u201ePropriile muze\u201d de Elena Borcea, Muzeul de Art\u0103 Bra\u0219ov<br>Bra\u0219ov Art Stories, Muzeul de Art\u0103 Bra\u0219ov<\/p>\n\n\n\n<p>PROIECTUL DE EDUCA\u021aIE CULTURAL\u0102 AL ANULUI<br>Muzeul Amintirilor din Comunism, Cincinala SRL<br>Muzeele vin la \u0219coal\u0103, Muzeul \u201eCasa Mure\u0219enilor\u201d Bra\u0219ov<br>cartfest (edi\u021bia simbol), Asocia\u021bia C\u2019Art Fest<br>Manual de istorie local\u0103 pentru R\u00e2\u0219nov, Asocia\u021bia Mioritics<br>\u0218coala de Var\u0103 ASTRA R\u00e2\u0219nov (edi\u021bia a XII-a), Asocia\u021bia Mioritics<br>\u0218coala de Var\u0103 la Muzeul de Art\u0103 Bra\u0219ov, Muzeul de Art\u0103 Bra\u0219ov<br>Sch\u00fclerzeitschrift. Mein Tagebuch \/ Revista elevilor. Jurnalul meu personal, Asocia\u021bia cultural\u0103 \u201eCu timp pentru cultur\u0103\u201d<\/p>\n\n\n\n<p>DEBUT<br>Cobor \u00eentre stejari, Funda\u021bia Conservation Carpathia<br>Dracula Fantasy Con, Asocia\u021bia Cultural\u0103 Fanzin<br>RROMA Film Festival, Asocia\u021bia CRN<br>\u201eStadii\u201d, Oana Paler<br>CULMEA: Film \u0219i educa\u021bie de mediu, Asocia\u021bia ORICUM<\/p>\n\n\n\n<p>AFI\u0218UL CULTURAL AL ANULUI<br>Mame cu bra\u021bele goale<br>Bienala european\u0103 de poezie: Us\/Noi<br>Faust<br>Bra\u0219ov Dracula Film Festival 2023<br>Festivalul de Film \u0219i Istorii 2023<br>Ecouri ale prestigiului<br>Pro patrimonio. Conserv\u00e2nd \u0219i salv\u00e2nd patrimoniul celorlal\u021bi<br>CULMEA: Film \u0219i educa\u021bie de mediu<br>Crocodil<br>Bluesferatu<br>Dact\u0103r Nicu&#8217;s Skyzoid Poets (edi\u021bia 55)<br>Eine Reise am Weihnachtsabend \u2013 L\u0103sa\u021bi colinda-n cas\u0103? \u2013 Kar\u00e1csonyi Meseorsz\u00e1g<\/p>\n\n\n\n<p>ORGANIZA\u021aIA CULTURAL\u0102 A ANULUI<br>Asocia\u021bia Cultural\u0103 Fanzin<br>Centrul Multicultural al Universit\u0103\u021bii Transilvania din Bra\u0219ov<br>Asocia\u021bia Cultural\u0103 Libris Cultural<br>Opera Bra\u0219ov<br>Centrul Cultural Apollonia<br>Filarmonica Bra\u0219ov<br>Muzeul de Etnografie Bra\u0219ov<br>Asocia\u021bia Mioritics<br>Muzeul de Art\u0103 Bra\u0219ov<\/p>\n","protected":false},"excerpt":{"rendered":"<p>Consor\u021biul Cultural Corona v\u0103 invit\u0103 cu bucurie la un eveniment deosebit &#8211; Gala Premiilor Anului \u00een Cultur\u0103 2023 la Bra\u0219ov. Aceast\u0103 festivitate de decernare va avea loc miercuri, 21 februarie, la Centrul Multicultural al Universit\u0103\u021bii Transilvania, \u00eencep\u00e2nd cu ora 18:00. Un prilej deosebit \u00een care vom celebra \u0219i recunoa\u0219te contribu\u021bia &#8230;<\/p>\n","protected":false},"author":1,"featured_media":456,"comment_status":"closed","ping_status":"closed","sticky":false,"template":"","format":"standard","meta":[],"categories":[133,5],"tags":[8,7,13,20,21,38,30],"_links":{"self":[{"href":"https:\/\/consortiulcorona.ro\/index.php?rest_route=\/wp\/v2\/posts\/445"}],"collection":[{"href":"https:\/\/consortiulcorona.ro\/index.php?rest_route=\/wp\/v2\/posts"}],"about":[{"href":"https:\/\/consortiulcorona.ro\/index.php?rest_route=\/wp\/v2\/types\/post"}],"author":[{"embeddable":true,"href":"https:\/\/consortiulcorona.ro\/index.php?rest_route=\/wp\/v2\/users\/1"}],"replies":[{"embeddable":true,"href":"https:\/\/consortiulcorona.ro\/index.php?rest_route=%2Fwp%2Fv2%2Fcomments&post=445"}],"version-history":[{"count":9,"href":"https:\/\/consortiulcorona.ro\/index.php?rest_route=\/wp\/v2\/posts\/445\/revisions"}],"predecessor-version":[{"id":461,"href":"https:\/\/consortiulcorona.ro\/index.php?rest_route=\/wp\/v2\/posts\/445\/revisions\/461"}],"wp:featuredmedia":[{"embeddable":true,"href":"https:\/\/consortiulcorona.ro\/index.php?rest_route=\/wp\/v2\/media\/456"}],"wp:attachment":[{"href":"https:\/\/consortiulcorona.ro\/index.php?rest_route=%2Fwp%2Fv2%2Fmedia&parent=445"}],"wp:term":[{"taxonomy":"category","embeddable":true,"href":"https:\/\/consortiulcorona.ro\/index.php?rest_route=%2Fwp%2Fv2%2Fcategories&post=445"},{"taxonomy":"post_tag","embeddable":true,"href":"https:\/\/consortiulcorona.ro\/index.php?rest_route=%2Fwp%2Fv2%2Ftags&post=445"}],"curies":[{"name":"wp","href":"https:\/\/api.w.org\/{rel}","templated":true}]}}