{"id":429,"date":"2024-02-01T06:24:47","date_gmt":"2024-02-01T06:24:47","guid":{"rendered":"https:\/\/consortiulcorona.ro\/?p=429"},"modified":"2024-02-21T10:35:13","modified_gmt":"2024-02-21T10:35:13","slug":"votul-publicului-premiile-in-cultura-la-brasov-2023","status":"publish","type":"post","link":"https:\/\/consortiulcorona.ro\/?p=429","title":{"rendered":"Votul publicului \u2013 Premiile \u00een Cultur\u0103 la Bra\u0219ov 2023"},"content":{"rendered":"\n<p>Consor\u021biul Cultural Corona organizeaz\u0103 cea de-a noua edi\u021bie a \u201ePremiilor Anului \u00een Cultur\u0103 la Bra\u0219ov\u201d.\u00a0<\/p>\n\n\n\n<p><strong>V\u0103 invit\u0103m s\u0103 alege\u021bi organiza\u021biile, proiectele \u0219i evenimentele care au marcat \u00een cea mai mare m\u0103sur\u0103 via\u021ba cultural\u0103 a Bra\u0219ovului \u00een 2023,\u00a0prin acest\u00a0<a rel=\"noreferrer noopener\" href=\"https:\/\/forms.gle\/evGGMV5MgqaVi7nu8\" target=\"_blank\">formular<\/a>, deschis p\u00e2n\u0103 pe 18 februarie a.c.<\/strong><\/p>\n\n\n\n<p>C\u00e2\u0219tig\u0103torii vor fi desemna\u021bi pe baza op\u021biunilor publicului, cu o pondere de 50%, \u0219i ale unui juriu format din personalit\u0103\u021bi ale artei contemporane \u0219i ale managementului cultural din afara Bra\u0219ovului (50%).<\/p>\n\n\n\n<p>Premiile se vor decerna pe 21 februarie 2024, \u00een cadrul unei gale care va avea loc la Centrul Multicultural al Universit\u0103\u021bii Transilvania.<\/p>\n\n\n\n<p><strong>Aten\u021bie! Pentru ob\u021binerea voturilor publicului este interzis\u0103 folosirea mijloacelor de promovare pl\u0103tite de tip \u201esponsored\u201d sau altele asem\u0103n\u0103toare.<\/strong><\/p>\n\n\n\n<p>Premiile Anului \u00een Cultur\u0103 la Bra\u0219ov 2023 sunt sus\u021binute de Coresi Shopping Resort.<\/p>\n\n\n\n<p>Parteneri media: Zile \u0219i Nop\u021bi, fwdBV \u0219i Rock FM.<\/p>\n\n\n\n<p>Organizator: Consor\u021biul Cultural Corona.<\/p>\n","protected":false},"excerpt":{"rendered":"<p>Consor\u021biul Cultural Corona organizeaz\u0103 cea de-a noua edi\u021bie a \u201ePremiilor Anului \u00een Cultur\u0103 la Bra\u0219ov\u201d.\u00a0 V\u0103 invit\u0103m s\u0103 alege\u021bi organiza\u021biile, proiectele \u0219i evenimentele care au marcat \u00een cea mai mare m\u0103sur\u0103 via\u021ba cultural\u0103 a Bra\u0219ovului \u00een 2023,\u00a0prin acest\u00a0formular, deschis p\u00e2n\u0103 pe 18 februarie a.c. C\u00e2\u0219tig\u0103torii vor fi desemna\u021bi pe baza &#8230;<\/p>\n","protected":false},"author":1,"featured_media":441,"comment_status":"closed","ping_status":"closed","sticky":false,"template":"","format":"standard","meta":[],"categories":[133,5],"tags":[8,7,13,21,38,30],"_links":{"self":[{"href":"https:\/\/consortiulcorona.ro\/index.php?rest_route=\/wp\/v2\/posts\/429"}],"collection":[{"href":"https:\/\/consortiulcorona.ro\/index.php?rest_route=\/wp\/v2\/posts"}],"about":[{"href":"https:\/\/consortiulcorona.ro\/index.php?rest_route=\/wp\/v2\/types\/post"}],"author":[{"embeddable":true,"href":"https:\/\/consortiulcorona.ro\/index.php?rest_route=\/wp\/v2\/users\/1"}],"replies":[{"embeddable":true,"href":"https:\/\/consortiulcorona.ro\/index.php?rest_route=%2Fwp%2Fv2%2Fcomments&post=429"}],"version-history":[{"count":12,"href":"https:\/\/consortiulcorona.ro\/index.php?rest_route=\/wp\/v2\/posts\/429\/revisions"}],"predecessor-version":[{"id":462,"href":"https:\/\/consortiulcorona.ro\/index.php?rest_route=\/wp\/v2\/posts\/429\/revisions\/462"}],"wp:featuredmedia":[{"embeddable":true,"href":"https:\/\/consortiulcorona.ro\/index.php?rest_route=\/wp\/v2\/media\/441"}],"wp:attachment":[{"href":"https:\/\/consortiulcorona.ro\/index.php?rest_route=%2Fwp%2Fv2%2Fmedia&parent=429"}],"wp:term":[{"taxonomy":"category","embeddable":true,"href":"https:\/\/consortiulcorona.ro\/index.php?rest_route=%2Fwp%2Fv2%2Fcategories&post=429"},{"taxonomy":"post_tag","embeddable":true,"href":"https:\/\/consortiulcorona.ro\/index.php?rest_route=%2Fwp%2Fv2%2Ftags&post=429"}],"curies":[{"name":"wp","href":"https:\/\/api.w.org\/{rel}","templated":true}]}}