{"id":416,"date":"2022-12-29T12:00:00","date_gmt":"2022-12-29T12:00:00","guid":{"rendered":"https:\/\/consortiulcorona.ro\/?p=416"},"modified":"2023-03-17T10:28:14","modified_gmt":"2023-03-17T10:28:14","slug":"raport-cercetare-artele-vizuale-in-brasov","status":"publish","type":"post","link":"https:\/\/consortiulcorona.ro\/?p=416","title":{"rendered":"Raport cercetare ARTELE VIZUALE \u00ceN BRA\u0218OV"},"content":{"rendered":"\n<p>\u00cen perioada august \u2013 noiembrie 2022 s-a desf\u0103\u0219urat o ampl\u0103 cercetare asupra artelor vizuale din Bra\u0219ov, ce a inclus focus-grupuri, chestionare \u0219i interviuri cu arti\u0219ti \u0219i manageri culturali.<\/p>\n\n\n\n<p>Cercetarea \u0219i-a propus s\u0103 cartografieze num\u0103rul de arti\u0219ti \u0219i de persoane implicate \u00een activit\u0103\u021bi conexe din sfera artelor vizuale la nivel local (curatori, muzeografi, galeri\u0219ti etc. \u2013 denumi\u021bi generic manageri culturali \u00een cadrul proiectului), precum \u0219i s\u0103 m\u0103soare gradului de satisfac\u021bie al acestora cu privire la nivelul de dezvoltare a sectorului \u00een Municipiul Bra\u0219ov \u015fi poten\u021bialul de produc\u021bie cultural\u0103 local\u0103.&nbsp;<br><br>Raportul final prezint\u0103 principalele concluzii ale cercet\u0103rii \u0219i propune direc\u021bii noi de dezvoltare cultural\u0103 la nivelul municipiului, pe baza analizei realizate.<\/p>\n\n\n\n<p>Raportul de cercetare final ARTELE VIZUALE \u00ceN BRA\u015eOV Percep\u021bii, oportunit\u0103\u021bi \u0219i probleme din perspectiva arti\u0219tilor \u0219i managerilor culturali locali poate fi desc\u0103rcat <a href=\"https:\/\/consortiulcorona.ro\/wp-content\/uploads\/2023\/03\/RAPORT-FINAL-arte-vizuale.pdf\" data-type=\"URL\" data-id=\"https:\/\/consortiulcorona.ro\/wp-content\/uploads\/2023\/03\/RAPORT-FINAL-arte-vizuale.pdf\">aici<\/a>.<br><br>Raportul de cercetare sintez\u0103 ARTELE VIZUALE \u00ceN BRA\u015eOV Percep\u021bii, oportunit\u0103\u021bi \u0219i probleme din perspectiva arti\u0219tilor \u0219i managerilor culturali locali poate fi desc\u0103rcat <a href=\"https:\/\/consortiulcorona.ro\/wp-content\/uploads\/2023\/03\/Sinteza-Raport-de-cercetare-arte-vizuale.pdf\" data-type=\"URL\" data-id=\"https:\/\/consortiulcorona.ro\/wp-content\/uploads\/2023\/03\/Sinteza-Raport-de-cercetare-arte-vizuale.pdf\">aici<\/a>.<\/p>\n","protected":false},"excerpt":{"rendered":"<p>\u00cen perioada august \u2013 noiembrie 2022 s-a desf\u0103\u0219urat o ampl\u0103 cercetare asupra artelor vizuale din Bra\u0219ov, ce a inclus focus-grupuri, chestionare \u0219i interviuri cu arti\u0219ti \u0219i manageri culturali. Cercetarea \u0219i-a propus s\u0103 cartografieze num\u0103rul de arti\u0219ti \u0219i de persoane implicate \u00een activit\u0103\u021bi conexe din sfera artelor vizuale la nivel local &#8230;<\/p>\n","protected":false},"author":1,"featured_media":376,"comment_status":"closed","ping_status":"closed","sticky":false,"template":"","format":"standard","meta":[],"categories":[5,17],"tags":[117,132],"_links":{"self":[{"href":"https:\/\/consortiulcorona.ro\/index.php?rest_route=\/wp\/v2\/posts\/416"}],"collection":[{"href":"https:\/\/consortiulcorona.ro\/index.php?rest_route=\/wp\/v2\/posts"}],"about":[{"href":"https:\/\/consortiulcorona.ro\/index.php?rest_route=\/wp\/v2\/types\/post"}],"author":[{"embeddable":true,"href":"https:\/\/consortiulcorona.ro\/index.php?rest_route=\/wp\/v2\/users\/1"}],"replies":[{"embeddable":true,"href":"https:\/\/consortiulcorona.ro\/index.php?rest_route=%2Fwp%2Fv2%2Fcomments&post=416"}],"version-history":[{"count":2,"href":"https:\/\/consortiulcorona.ro\/index.php?rest_route=\/wp\/v2\/posts\/416\/revisions"}],"predecessor-version":[{"id":420,"href":"https:\/\/consortiulcorona.ro\/index.php?rest_route=\/wp\/v2\/posts\/416\/revisions\/420"}],"wp:featuredmedia":[{"embeddable":true,"href":"https:\/\/consortiulcorona.ro\/index.php?rest_route=\/wp\/v2\/media\/376"}],"wp:attachment":[{"href":"https:\/\/consortiulcorona.ro\/index.php?rest_route=%2Fwp%2Fv2%2Fmedia&parent=416"}],"wp:term":[{"taxonomy":"category","embeddable":true,"href":"https:\/\/consortiulcorona.ro\/index.php?rest_route=%2Fwp%2Fv2%2Fcategories&post=416"},{"taxonomy":"post_tag","embeddable":true,"href":"https:\/\/consortiulcorona.ro\/index.php?rest_route=%2Fwp%2Fv2%2Ftags&post=416"}],"curies":[{"name":"wp","href":"https:\/\/api.w.org\/{rel}","templated":true}]}}