{"id":401,"date":"2023-03-02T19:09:20","date_gmt":"2023-03-02T19:09:20","guid":{"rendered":"https:\/\/consortiulcorona.ro\/?p=401"},"modified":"2023-03-06T09:12:35","modified_gmt":"2023-03-06T09:12:35","slug":"gala-premiilor-in-cultura-la-brasov-2022","status":"publish","type":"post","link":"https:\/\/consortiulcorona.ro\/?p=401","title":{"rendered":"Gala Premiilor \u00een Cultur\u0103 la Bra\u0219ov 2022"},"content":{"rendered":"\n<p>Consor\u021biul Cultural Corona v\u0103 invit\u0103 la festivitatea de decernare a Premiilor Anului 2022 \u00een Cultur\u0103 la Bra\u0219ov.<br><br>S\u00e2mb\u0103t\u0103, 4 martie a.c., de la orele 19:00, la Banca de Cultur\u0103 Apollonia, vom descoperi \u00eempreun\u0103 care sunt organiza\u021biile, proiectele \u0219i evenimentele care, potrivit votului publicului \u0219i al unor speciali\u0219ti din afara ora\u0219ului, au animat \u00een cea mai mare m\u0103sur\u0103 via\u021ba cultural\u0103 a Bra\u0219ovului \u00een 2022.<br><br>Participarea este liber\u0103, \u00een limita locurilor disponibile. Accesul se va face \u00eencep\u00e2nd cu orele 18:30.<br><br>Gala Premiilor Anului \u00een Cultur\u0103 la Bra\u0219ov 2022 este organizat\u0103 cu sprijinul Coresi Shopping Resort, Zizin, Gramofon \u0219i Voluntariat Bra\u0219ov. Parteneri media: Zile \u0219i Nop\u021bi \u0219i RockFM.<br><br>Nominaliz\u0103rile sunt:<br><br>CARTEA ANULUI<br>\u201e\u0218apte virtu\u021bi de\u0219arte \u0219i o p\u0103c\u0103toas\u0103 moarte\u201d, Alexandru Lamba<br>\u201eCentrul artistic Bra\u0219ov de la origini p\u00e2n\u0103 \u00een contemporaneitate. Artele plastice (sec. XV- XX)\u201d, Radu Popica<br>\u201eCAN for BALKANS\u201d, ed. coord. Nicolae Pepene<br>\u201eCopacul &#8211; crea\u021bie divin\u0103\u201d, Aurelia-Stoie M\u0103rginean<br>\u201eC\u00e2nd vine prim\u0103vara\u201d, Tony Mott<br>\u201eMusta\u021ba lui Hitler\u201d, Mihai Ignat<br><br>EXPOZI\u021aIA ANULUI<br>\u201ePrezen\u021b\u0103 solubil\u0103\u201d de Dimeny Andr\u00e1s, Muzeul de Art\u0103 Bra\u0219ov<br>\u201eMagdalena R\u0103dulescu. 120 de ani de gra\u021bie boem\u0103\u201d, Muzeul de Art\u0103 Bra\u0219ov<br>\u201eCAN for BALKANS &#8211; Comics Alliance Networking for Balkans\u201d, Muzeul Jude\u021bean de Istorie Bra\u0219ov<br>\u201eCu o floare nu se face prim\u0103var\u0103\u201d, Muzeul de Art\u0103 Bra\u0219ov<br>\u201eAktion &#8211; un rezultat concret \u0219i 100 de idei c\u0103l\u0103uzitoare\u201d, Centrul Cultural German Bra\u0219ov<br>\u201eGabriela Bodin | Pavilionul\u201d, Centrul Multicultural al Universit\u0103\u021bii Transilvania din Bra\u0219ov<br>\u201eAWAKENINGS\u201d de Decebal Gabriel \u021a\u0103roi, Galeria9<br><br>SPECTACOLUL DE TEATRU AL ANULUI<br>\u201eC\u00e2mp de lupt\u0103\u201d, Asocia\u021bia Antiteatru<br>\u201eSamuel von Brukenthal und die K\u00f6nigin der Nacht \u201d, Asocia\u021bia Cu Timp Pentru Cultur\u0103<br>\u201eArt\u0103\u201d, Teatrul Dramatic \u201eSic\u0103 Alexandrescu\u201d Bra\u0219ov<br>\u201eP\u00e2n\u0103 c\u00e2nd moartea ne va desp\u0103r\u021bi\u201d, Teatrul Dramatic \u201eSic\u0103 Alexandrescu\u201d Bra\u0219ov<br><br>SPECTACOLUL DE DANS\/PERFORMANCE AL ANULUI<br>\u201eFemme monumentale. Femme v\u00e9g\u00e9tale.\u201d, Asocia\u021bia Developing Art \u0219i I Dance You<br>\u201eNoaptea gr\u0103dinilor misterioase&#8221;, Muzeul de Art\u0103 Bra\u0219ov<br><br>CONCERTUL ANULUI<br>John Nemeth @Brasov Jazz &amp; Blues Festival 2022, Asocia\u021bia Fanzin<br>CINECONCERT NOSFERATU Live Score by Los Amigos de Los Animales @Dracula Film Festival 2022, Asocia\u021bia Fanzin<br>Concert extraordinar la Biserica Neagr\u0103, de Ziua Europei, Biserica Evanghelic\u0103 CA Bra\u0219ov<br>Boney Fields @Transilvania Blues Festival ed. a IV-a, Asocia\u021bia Transilvania Arts&amp;Events<br>Chamber Jazz | Transylvanian Folk Songs (Lucian Ban, Mat Maneri, John Surman), Centrul Multicultural al Universit\u0103\u021bii Transilvania din Bra\u0219ov<br>Mischa Maisky, Filarmonica Bra\u0219ov<br><br>FESTIVALUL ANULUI<br>LIBfest T\u00e2rgul de cArte \u0219i Experien\u021be Culturale, Asocia\u021bia Libris Cultural Bra\u0219ov <br>Jazz&amp;Blues Festival 2022, Asocia\u021bia Fanzin<br>Festivalul Interna\u021bional de Benzi Desenate Istorice Bra\u0219ov 2022, Asocia\u021bia Forums \u0219i Muzeul Jude\u021bean de Istorie Bra\u0219ov<br>Zilele Culturale Maghiare din Bra\u0219ov \u201e\u0162ara B\u00e2rsei\u201d, Asocia\u021bia Maghiarilor din \u021aara B\u00e2rsei<br><br>PROIECTUL CULTURAL AL ANULUI<br>ACT ART, Ateliere\/concurs de art\u0103 contemporan\u0103\/alternativ\u0103 (teatru, dans, film experimental) ed. I, Centrul Cultural Reduta<br>ARTELE VIZUALE \u00ceN BRA\u0218OV: Percep\u021bii, oportunit\u0103\u021bi \u0219i probleme din perspectiva arti\u0219tilor \u0219i managerilor culturali locali, Asocia\u021bia ORICUM<br>Muzeul Amintirilor din Comunism, Cincinala SRL<br>CAN for BALKANS &#8211; Comics Alliance Networking for Balkans, Muzeul Jude\u021bean de Istorie Bra\u0219ov<br>Finalizarea activit\u0103\u021bilor de protejare \u0219i valorificare a patrimoniului cultural material din cadrul colec\u021biei de carte veche a Liceului Andrei \u0218aguna, Funda\u021bia Prima \u0218coal\u0103 Rom\u00e2neasc\u0103<br>Zilele patrimoniului imaterial bra\u0219ovean, Muzeul de Etnografie Bra\u0219ov<br><br>PROIECTUL LITERAR AL ANULUI<br>AntareSFest, Asocia\u021bia Antares Sci-Fi &amp; Fantasy Club Bra\u0219ov<br>Bra\u0219ovul literar &#8211; episod pilot, Casa de pariuri literare \u0219i Centrul Multicultural al Universit\u0103\u021bii Transilvania din Bra\u0219ov<br>\u201eDact\u0103r Nicu\u2019s Skyzoid Poets\u201d, Clubul de lectur\u0103 \u201eDact\u0103r Nicu\u2019s Skyzoid Poets\u201d<br>\u201eReduta Poetic\u0103\u201d 2022, Centrul Cultural Reduta<br><br>DEBUT<br>Banca de Cultur\u0103 Apollonia, Prim\u0103ria Bra\u0219ov<br>Concursul na\u021bional de anima\u021bie &#8211; World of Animation, Centrul Cultural Reduta<br>Muzeul Amintirilor din Comunism, Cincinala SRL<br>Andrei Petrea &#8211; \u201eSindromul Cotard\u201d<br>Galeria INSPIRATIO, Inspiratio<br><br>AFI\u0218UL CULTURAL AL ANULUI<br>Dracula Film Festival 2022<br>Zilele Filmului German 2022<br>Gabriela Bodin | Pavilionul<br>Concert Armen Donelian<br>Secretul Familiei Mure\u0219ianu &#8211; tur virtual gamificat<br>\u201eDact\u0103r Nicu&#8217;s Skyzoid Poets\u201d ed. 50<br><br>ORGANIZA\u021aIA CULTURAL\u0102 A ANULUI<br>Asocia\u021bia Cultural\u0103 Fanzin<br>Centrul Multicultural al Universit\u0103\u021bii Transilvania din Bra\u0219ov<br>Asocia\u021bia Cultural\u0103 Libris Cultural<br>Biserica Evanghelic\u0103 CA Bra\u0219ov \u2013 Biserica Neagr\u0103<br>Opera Bra\u0219ov<br>Filarmonica Bra\u0219ov<br>Muzeul de Etnografie Bra\u0219ov<br><br>C\u00e2\u0219tig\u0103torii vor fi desemna\u021bi pe baza op\u021biunilor publicului, cu o pondere de 50%, \u0219i ale unui juriu format din personalit\u0103\u021bi ale artei contemporane \u0219i ale managementului cultural din afara Bra\u0219ovului (50%).<\/p>\n","protected":false},"excerpt":{"rendered":"<p>Consor\u021biul Cultural Corona v\u0103 invit\u0103 la festivitatea de decernare a Premiilor Anului 2022 \u00een Cultur\u0103 la Bra\u0219ov. S\u00e2mb\u0103t\u0103, 4 martie a.c., de la orele 19:00, la Banca de Cultur\u0103 Apollonia, vom descoperi \u00eempreun\u0103 care sunt organiza\u021biile, proiectele \u0219i evenimentele care, potrivit votului publicului \u0219i al unor speciali\u0219ti din afara ora\u0219ului, &#8230;<\/p>\n","protected":false},"author":1,"featured_media":402,"comment_status":"closed","ping_status":"closed","sticky":false,"template":"","format":"standard","meta":[],"categories":[121,5],"tags":[116,122,72,21,40,105],"_links":{"self":[{"href":"https:\/\/consortiulcorona.ro\/index.php?rest_route=\/wp\/v2\/posts\/401"}],"collection":[{"href":"https:\/\/consortiulcorona.ro\/index.php?rest_route=\/wp\/v2\/posts"}],"about":[{"href":"https:\/\/consortiulcorona.ro\/index.php?rest_route=\/wp\/v2\/types\/post"}],"author":[{"embeddable":true,"href":"https:\/\/consortiulcorona.ro\/index.php?rest_route=\/wp\/v2\/users\/1"}],"replies":[{"embeddable":true,"href":"https:\/\/consortiulcorona.ro\/index.php?rest_route=%2Fwp%2Fv2%2Fcomments&post=401"}],"version-history":[{"count":3,"href":"https:\/\/consortiulcorona.ro\/index.php?rest_route=\/wp\/v2\/posts\/401\/revisions"}],"predecessor-version":[{"id":405,"href":"https:\/\/consortiulcorona.ro\/index.php?rest_route=\/wp\/v2\/posts\/401\/revisions\/405"}],"wp:featuredmedia":[{"embeddable":true,"href":"https:\/\/consortiulcorona.ro\/index.php?rest_route=\/wp\/v2\/media\/402"}],"wp:attachment":[{"href":"https:\/\/consortiulcorona.ro\/index.php?rest_route=%2Fwp%2Fv2%2Fmedia&parent=401"}],"wp:term":[{"taxonomy":"category","embeddable":true,"href":"https:\/\/consortiulcorona.ro\/index.php?rest_route=%2Fwp%2Fv2%2Fcategories&post=401"},{"taxonomy":"post_tag","embeddable":true,"href":"https:\/\/consortiulcorona.ro\/index.php?rest_route=%2Fwp%2Fv2%2Ftags&post=401"}],"curies":[{"name":"wp","href":"https:\/\/api.w.org\/{rel}","templated":true}]}}