{"id":363,"date":"2022-02-24T15:10:07","date_gmt":"2022-02-24T15:10:07","guid":{"rendered":"http:\/\/consortiulcorona.ro\/?p=363"},"modified":"2022-02-26T09:22:12","modified_gmt":"2022-02-26T09:22:12","slug":"gala-premiilor-in-cultura-la-brasov-2020-2021","status":"publish","type":"post","link":"https:\/\/consortiulcorona.ro\/?p=363","title":{"rendered":"Gala Premiilor \u00een Cultur\u0103 la Bra\u0219ov 2020-2021"},"content":{"rendered":"\n<p>V\u0103 invit\u0103m vineri 25 februarie a.c., orele 19:00, s\u0103 viziona\u021bi \u00een direct, on-line, pe canalele social media ale Consor\u021biului Cultural Corona, Gala Premiilor \u00een Cultur\u0103 2020-2021. <br><br>Link transmisiune: <a href=\"https:\/\/youtu.be\/i5wbBkSepkc\">https:\/\/youtu.be\/i5wbBkSepkc<\/a><br><br>Pentru c\u0103 ultimii doi ani au fost grav afecta\u021bi de restric\u021biile impuse de pandemia COVID 19, \u00een anul 2021 nu s-a organizat aceast\u0103 gal\u0103 pentru anul 2020. Acesta este motivul pentru care \u00een anul 2022 vom celebra performerii anilor 2020-2021, tocmai pentru a oferi recunoa\u0219tere \u00een spa\u021biul public pentru rezilien\u021ba \u0219i performan\u021ba \u00een cultur\u0103 la Bra\u0219ov, \u00een ace\u0219ti ani dificili pentru comunitatea local\u0103.<br><br>Premiile \u00een cultur\u0103 la Bra\u0219ov sunt un proiect al Asocia\u021biei Consor\u021biul Cultural Corona cu scopul de a promova artele \u0219i cultura \u00een jude\u021bul Bra\u0219ov \u0219i c\u0103tre publicuri noi. Asocia\u0163ia are ca scop ridicarea profilului artelor \u015fi al culturii, sus\u021binerea performan\u0163ei \u00een creativitate, cultur\u0103 \u015fi educa\u0163ie \u00een jude\u021bul Bra\u0219ov. Promov\u0103m \u0219i recunoa\u0219tem ca prioritare crea\u021biile \u0219i rezultatele comunit\u0103\u021bii culturale locale, celebr\u0103m actorii culturali care au ales s\u0103 performeze acas\u0103.<br><br>Premiile anului \u00een cultur\u0103 la Bra\u0219ov 2020-2021 sunt sus\u021binute de: Temad, econstrukt.ro, Coresi Shopping Resort \u0219i Apa mineral\u0103 Zizin.<br>Parteneri media: Zile \u0219i Nop\u021bi, fwdBV \u0219i Rock Fm.<br>Cu sprijinul: Prim\u0103ria Municipiului Bra\u0219ov. Organizator: Consor\u021biul Cultural Corona.<br><\/p>\n","protected":false},"excerpt":{"rendered":"<p>V\u0103 invit\u0103m vineri 25 februarie a.c., orele 19:00, s\u0103 viziona\u021bi \u00een direct, on-line, pe canalele social media ale Consor\u021biului Cultural Corona, Gala Premiilor \u00een Cultur\u0103 2020-2021. Link transmisiune: https:\/\/youtu.be\/i5wbBkSepkc Pentru c\u0103 ultimii doi ani au fost grav afecta\u021bi de restric\u021biile impuse de pandemia COVID 19, \u00een anul 2021 nu s-a &#8230;<\/p>\n","protected":false},"author":1,"featured_media":364,"comment_status":"closed","ping_status":"closed","sticky":false,"template":"","format":"standard","meta":[],"categories":[100,5],"tags":[],"_links":{"self":[{"href":"https:\/\/consortiulcorona.ro\/index.php?rest_route=\/wp\/v2\/posts\/363"}],"collection":[{"href":"https:\/\/consortiulcorona.ro\/index.php?rest_route=\/wp\/v2\/posts"}],"about":[{"href":"https:\/\/consortiulcorona.ro\/index.php?rest_route=\/wp\/v2\/types\/post"}],"author":[{"embeddable":true,"href":"https:\/\/consortiulcorona.ro\/index.php?rest_route=\/wp\/v2\/users\/1"}],"replies":[{"embeddable":true,"href":"https:\/\/consortiulcorona.ro\/index.php?rest_route=%2Fwp%2Fv2%2Fcomments&post=363"}],"version-history":[{"count":5,"href":"https:\/\/consortiulcorona.ro\/index.php?rest_route=\/wp\/v2\/posts\/363\/revisions"}],"predecessor-version":[{"id":371,"href":"https:\/\/consortiulcorona.ro\/index.php?rest_route=\/wp\/v2\/posts\/363\/revisions\/371"}],"wp:featuredmedia":[{"embeddable":true,"href":"https:\/\/consortiulcorona.ro\/index.php?rest_route=\/wp\/v2\/media\/364"}],"wp:attachment":[{"href":"https:\/\/consortiulcorona.ro\/index.php?rest_route=%2Fwp%2Fv2%2Fmedia&parent=363"}],"wp:term":[{"taxonomy":"category","embeddable":true,"href":"https:\/\/consortiulcorona.ro\/index.php?rest_route=%2Fwp%2Fv2%2Fcategories&post=363"},{"taxonomy":"post_tag","embeddable":true,"href":"https:\/\/consortiulcorona.ro\/index.php?rest_route=%2Fwp%2Fv2%2Ftags&post=363"}],"curies":[{"name":"wp","href":"https:\/\/api.w.org\/{rel}","templated":true}]}}