{"id":361,"date":"2022-02-25T23:00:33","date_gmt":"2022-02-25T23:00:33","guid":{"rendered":"http:\/\/consortiulcorona.ro\/?p=361"},"modified":"2025-07-03T06:59:53","modified_gmt":"2025-07-03T06:59:53","slug":"castigatorii-premiilor-anului-2021-in-cultura-la-brasov","status":"publish","type":"post","link":"https:\/\/consortiulcorona.ro\/?p=361","title":{"rendered":"C\u00e2\u0219tig\u0103torii Premiilor Anului 2021 \u00een Cultur\u0103 la Bra\u0219ov"},"content":{"rendered":"\n<p><strong>Vineri 25 februarie 2022, Consor\u021biul Cultural Corona a decernat Premiile Anului 2021 \u00een Cultur\u0103 la Bra\u0219ov \u00een cadrul unei gale organizate la Cinema Astra din Bra\u0219ov.<\/strong><br><br>C\u00e2\u0219tig\u0103torii au fost desemna\u021bi pe baza voturilor exprimate on-line de c\u0103tre publicul bra\u0219ovean, respectiv a notelor acordate de c\u0103tre trei personalit\u0103\u021bi ale artei contemporane \u0219i ale managementului cultural din afara Bra\u0219ovului, ale c\u0103rui op\u021biuni au avut \u0219i \u00een acest an o pondere de 50%. Juriul acestei edi\u021bii a fost format din Dr. Cristian Lupe\u0219 &#8211; manager Filarmonica de Stat Sibiu; dr. Lucian Nastas\u0103 Kov\u00e1cs &#8211; manager Muzeul de Art\u0103 Cluj Napoca \u0219i prof. univ. Universitatea Babe\u0219 Bolyai Cluj Napoca; dr. Alexandra Zbuchea &#8211; prof. univ. \u0218coala Na\u021bional\u0103 de Studii Politice \u0219i Administrative.<br><br>La categoriile deja consacrate s-a ad\u0103ugat, la aceast\u0103 a \u0219aptea edi\u021bie, o sec\u021biune nou\u0103: Proiectul on-line de educa\u021bie al anului.<br><br>Dintre proiectele, evenimentele \u0219i organiza\u021biile culturale nominalizate, au fost desemna\u021bi urm\u0103torii c\u00e2\u0219tig\u0103tori:<br><br>Afi\u0219ul cultural al anului: Amural r a c o r d (2020)<br>Cartea anului: \u201ePrin\u021besa care sfor\u0103ie\u201d, Mihai Ignat<br>Concertul anului: Vi\u021ba de Vie \u0219i Filarmonica Bra\u0219ov, Filarmonica Bra\u0219ov<br>Debut: \u201eCei cinci ani de mu\u021benie\u201d, Ioana Zenaida Rotariu<br>Expozi\u021bia anului: \u201eUnderground\u201d \u2013 Expozi\u021bia inaugural\u0103 BUM, Asocia\u021bia AMURAL<br>Festivalul anului: TAMTAM Festival 2021<br>Organiza\u021bia cultural\u0103 a anului: Filarmonica Bra\u0219ov<br>Proiectul cultural al anului: Bastionul Arti\u0219tilor 2020-2021, Muzeul Jude\u021bean de Istorie Bra\u0219ov<br>Proiectul de arte vizuale al anului: Bienala Albastr\u0103 \u2013 Bienala Interna\u021bional\u0103 de Arte Vizuale \u2013 Bra\u0219ov \u2013 2021 \u2013 \u201eEssentia\u201d, Asocia\u021bia Artessentia<br>Proiectul de educa\u021bie cultural\u0103 al anului: Parcul Muzical Bra\u0219ov Jazz&amp;Blues Festival, Asocia\u021bia Cultural\u0103 FANZIN<br>Proiectul literar al anului: Revista \u201eAstra\u201d, Biblioteca Jude\u021bean\u0103 Bra\u0219ov  Proiectul muzical al anului: \u201eOrgan nights\u201d, Biserica Evanghelic\u0103 CA Bra\u0219ov   Proiectul on-line  al anului: Concert \u00een corul Bisericii Negre cu orga mezotonic\u0103 de la Rupea, Biserica Evanghelic\u0103 CA Bra\u0219ov<br>Spectacolul de dans\/performance al anului: \u201eDisTanz\u201d, Centrul Cultural German Bra\u0219ov<br>Spectacolul de teatru al anului:  \u201eIluzii\u201d, Teatrul Dramatic \u201eSic\u0103 Alexandrescu\u201d Bra\u0219ov<br><br>Pentru c\u0103 ultimii doi ani au fost grav afecta\u021bi de restric\u021biile impuse de pandemia COVID 19, \u00een anul 2021 nu s-a organizat aceast\u0103 gal\u0103 pentru anul 2020. Acesta este motivul pentru care \u00een anul 2022 am celebrat performerii anilor 2020-2021, tocmai pentru a oferi recunoa\u0219tere \u00een spa\u021biul public pentru rezilien\u021ba \u0219i performan\u021ba \u00een cultur\u0103 la Bra\u0219ov, \u00een ace\u0219ti ani dificili pentru comunitatea local\u0103.<br><br>Premiile \u00een cultur\u0103 la Bra\u0219ov sunt un proiect al Asocia\u021biei Consor\u021biul Cultural Corona cu scopul de a promova artele \u0219i cultura \u00een jude\u021bul Bra\u0219ov \u0219i c\u0103tre publicuri noi. Asocia\u0163ia are ca scop ridicarea profilului artelor \u015fi al culturii, sus\u021binerea performan\u0163ei \u00een creativitate, cultur\u0103 \u015fi educa\u0163ie \u00een jude\u021bul Bra\u0219ov. Promov\u0103m \u0219i recunoa\u0219tem ca prioritare crea\u021biile \u0219i rezultatele comunit\u0103\u021bii culturale locale, celebr\u0103m actorii culturali care au ales s\u0103 performeze acas\u0103.<br><br>Premiile anului \u00een cultur\u0103 la Bra\u0219ov 2020-2021 sunt sus\u021binute de: Temad, econstrukt.ro, Coresi Shopping Resort \u0219i Apa mineral\u0103 Zizin.<br>Parteneri media: Zile \u0219i Nop\u021bi, fwdBV \u0219i Rock Fm.<br>Cu sprijinul: Prim\u0103ria Municipiului Bra\u0219ov.<br>Organizator: Consor\u021biul Cultural Corona.<br><br><\/p>\n\n\n\n<p><br><br><\/p>\n\n\n\n<p><br><br><\/p>\n","protected":false},"excerpt":{"rendered":"<p>Vineri 25 februarie 2022, Consor\u021biul Cultural Corona a decernat Premiile Anului 2021 \u00een Cultur\u0103 la Bra\u0219ov \u00een cadrul unei gale organizate la Cinema Astra din Bra\u0219ov. C\u00e2\u0219tig\u0103torii au fost desemna\u021bi pe baza voturilor exprimate on-line de c\u0103tre publicul bra\u0219ovean, respectiv a notelor acordate de c\u0103tre trei personalit\u0103\u021bi ale artei contemporane &#8230;<\/p>\n","protected":false},"author":1,"featured_media":0,"comment_status":"closed","ping_status":"closed","sticky":false,"template":"","format":"standard","meta":[],"categories":[100,5],"tags":[],"_links":{"self":[{"href":"https:\/\/consortiulcorona.ro\/index.php?rest_route=\/wp\/v2\/posts\/361"}],"collection":[{"href":"https:\/\/consortiulcorona.ro\/index.php?rest_route=\/wp\/v2\/posts"}],"about":[{"href":"https:\/\/consortiulcorona.ro\/index.php?rest_route=\/wp\/v2\/types\/post"}],"author":[{"embeddable":true,"href":"https:\/\/consortiulcorona.ro\/index.php?rest_route=\/wp\/v2\/users\/1"}],"replies":[{"embeddable":true,"href":"https:\/\/consortiulcorona.ro\/index.php?rest_route=%2Fwp%2Fv2%2Fcomments&post=361"}],"version-history":[{"count":1,"href":"https:\/\/consortiulcorona.ro\/index.php?rest_route=\/wp\/v2\/posts\/361\/revisions"}],"predecessor-version":[{"id":362,"href":"https:\/\/consortiulcorona.ro\/index.php?rest_route=\/wp\/v2\/posts\/361\/revisions\/362"}],"wp:attachment":[{"href":"https:\/\/consortiulcorona.ro\/index.php?rest_route=%2Fwp%2Fv2%2Fmedia&parent=361"}],"wp:term":[{"taxonomy":"category","embeddable":true,"href":"https:\/\/consortiulcorona.ro\/index.php?rest_route=%2Fwp%2Fv2%2Fcategories&post=361"},{"taxonomy":"post_tag","embeddable":true,"href":"https:\/\/consortiulcorona.ro\/index.php?rest_route=%2Fwp%2Fv2%2Ftags&post=361"}],"curies":[{"name":"wp","href":"https:\/\/api.w.org\/{rel}","templated":true}]}}