{"id":347,"date":"2022-02-18T09:04:02","date_gmt":"2022-02-18T09:04:02","guid":{"rendered":"http:\/\/consortiulcorona.ro\/?p=347"},"modified":"2022-02-24T15:12:58","modified_gmt":"2022-02-24T15:12:58","slug":"347","status":"publish","type":"post","link":"https:\/\/consortiulcorona.ro\/?p=347","title":{"rendered":"Scrisoare deschis\u0103 c\u0103tre Prim\u0103ria \u0219i Consiliul Local Bra\u0219ov"},"content":{"rendered":"\n<p>Cultura \u0219i regenerarea vie\u021bii publice bra\u0219ovene <br><br>Consor\u021biul Cultural Corona este asocia\u021bia cea mai reprezentativ\u0103 pentru mediul cultural bra\u0219ovean \u0219i reune\u0219te 21 de institu\u021bii publice \u0219i organiza\u021bii neguvernamentale culturale din ora\u0219ul nostru.<br><br>\u00cen contextul dezbaterii bugetului de venituri \u0219i cheltuieli pentru anul 2022 al Municipiului Bra\u0219ov am aflat cu nepl\u0103cut\u0103 surprindere c\u0103 propunerea ini\u021bial\u0103 de m\u0103rire a bugetului alocat pentru finan\u021barea nerambursabil\u0103 a proiectelor culturale la 4 milioane de lei a fost respins\u0103 de o parte a consilierilor locali, sub argumentul aparent legitim al execu\u021biei bugetare incomplete din anul 2021, c\u00e2nd, din cei 3 milioane de lei aloca\u021bi ini\u021bial pentru finan\u021barea nerambursabil\u0103 a proiectelor culturale au fost accesate fonduri de doar 2,5 milioane de lei.<br><br>Dorim s\u0103 atragem aten\u021bia ale\u0219ilor locali, ca reprezentan\u021bi ai intereselor comunit\u0103\u021bii bra\u0219ovene, c\u0103 anul 2021 (\u00een continuarea anului 2020) a fost unul profund afectat, \u00een special \u00een dimensiunea evenimentelor publice, de pandemia COVID 19. Acesta este motivul pentru care operatorii culturali nu au putut s\u0103 \u00ee\u0219i desf\u0103\u0219oare activitatea \u00een mod natural \u0219i normal, comparativ cu anii de dinaintea crizei sanitare. Dac\u0103 la aceast\u0103 eviden\u021b\u0103 mai ad\u0103ug\u0103m \u0219i aprobarea tardiv\u0103 a bugetului de venituri \u0219i cheltuieli pentru anul 2021 doar \u00een luna aprilie, respectiv \u00eent\u00e2rzierea foarte mare a lans\u0103rii competi\u021biei \u0219i select\u0103rii proiectelor culturale finan\u021bate nerambursabil de c\u0103tre municipalitatea bra\u0219ovean\u0103 &#8211; practic primele contracte de finan\u021bare au fost semnate doar \u00een luna august 2021! &#8211; putem s\u0103 \u00een\u021belegem mai corect lipsa execu\u021biei complete a fondurilor alocate \u00een anul precedent.<br><br>\u00cen condi\u021biile \u00een care anul 2022 pare s\u0103 fie, \u00een sf\u00e2r\u0219it, anul regener\u0103rii vie\u021bii publice, la care cultura este un contributor decisiv prin \u00eembun\u0103t\u0103\u021birea st\u0103rii de bine, prin cultivarea creativit\u0103\u021bii \u0219i a libert\u0103\u021bii de g\u00e2ndire, prin cre\u0219terea calit\u0103\u021bii timpului liber petrecut \u00een comunit\u0103\u021bi de public, credem c\u0103 viziunea edililor ora\u0219ului nostru trebuie s\u0103 fie orientat\u0103 spre rena\u0219terea social\u0103, pe care artele, exprimate liber \u00een spa\u021biul public al cet\u0103\u021bii, au putut mereu s\u0103 o stimuleze \u0219i s\u0103 o realizeze. Apel\u0103m public la revizuirea atitudinii fa\u021b\u0103 de finan\u021barea artei \u0219i culturii la Bra\u0219ov \u0219i solicit\u0103m partidelor ce formeaz\u0103 Consiliul Local al municipiului ob\u021binerea unui consens politic privind suplimentarea bugetului alocat finan\u021b\u0103rii nerambursabile a culturii, cel t\u00e2rziu la rectificarea bugetar\u0103 din luna iulie. Astfel vom putea  m\u0103car \u00eencerca s\u0103 ne apropiem, chiar dac\u0103 timid, de eforturile considerabile ale altor ora\u0219e cu care ne place s\u0103 ne compar\u0103m, dac\u0103 ar fi s\u0103 amintim aici numai de bugetul de 11 milioane de lei aloca\u021bi proiectelor culturale de Prim\u0103ria Municipiului Cluj Napoca.<br><br>Optimismul \u0219i aspira\u021biile noastre privind poten\u021biala regenerare cultural\u0103 a comunit\u0103\u021bii noastre par a fi \u00eemp\u0103rt\u0103\u0219ite de tot mai mul\u021bi bra\u0219oveni &#8211; lucru demonstrat de cre\u0219terea num\u0103rului de operatori culturali, a audien\u021belor proiectelor culturale, dar \u0219i de dezbaterile din societatea civil\u0103 \u0219i de pe scena politic\u0103 cu privire la soarta culturii bra\u0219ovene. Pe termen lung \u00eens\u0103, comunitatea nu \u00ee\u0219i va putea atinge aspira\u021biile privind via\u021b\u0103 cultural\u0103 \u00een absen\u021ba unei strategii asumate consensual \u0219i a unei forme de guvernan\u021b\u0103 a dezvolt\u0103rii ecosistemului cultural local. Astfel, dincolo de revizuirea aloc\u0103rii bugetare aferente anului 2022, consider\u0103m c\u0103 este esen\u021bial\u0103 reluarea formul\u0103rii unei strategii culturale a Bra\u0219ovului, printr-un proces \u00eembun\u0103t\u0103\u021bit, transparent \u0219i participativ.<br><br>Cu speran\u021ba c\u0103 apelul nostru va fi \u00een\u021beles \u0219i va ob\u021bine aprobarea reprezentan\u021bilor comunit\u0103\u021bii locale din Consiliul Local Bra\u0219ov, v\u0103 asigur\u0103m c\u0103 suntem \u00een continuare la dispozi\u021bia autorit\u0103\u021bilor locale, \u00een calitate de partener de dialog \u0219i contributor la reglarea mecanismelor de administrare \u0219i colaborare din cultura bra\u0219ovean\u0103.<br><br>Consor\u021biul Cultural Corona Bra\u0219ov<br><br>Valer Rus, manager Muzeul Casa Mure\u0219enilor Bra\u0219ov<br>Steffen Schlandt, pre\u0219edinte Forum Arte Bra\u0219ov<br>Adrian L\u0103c\u0103tu\u0219, director Centrul Multicultural al Universit\u0103\u021bii Transilvania<br>Radu Popica, manager Muzeul de Art\u0103 Bra\u0219ov<br>Mara Opri\u0219iu, pre\u0219edinte KunSTadt<br>Marian G\u00eelea, pre\u0219edinte Asocia\u021bia FANZIN<br>Ionu\u021b \u021aa\u021ba, membru Asocia\u021bia \u0218aguni\u0219ti pentru \u0218aguni\u0219ti<br>Laura C\u0103p\u0103\u021b\u00e2n\u0103, pre\u0219edinte Asocia\u021bia Art Burg<br>Andrei D\u00f3sa, scriitor<br>Dan Zaharia, pre\u0219edinte Asocia\u021bia Cultural\u0103 REF<br>Mihai Tatu, pre\u0219edinte Asocia\u021bia Visum pentru Educa\u021bie \u0219i Cultur\u0103<br>Luciana Gliga, director executiv Agen\u021bia de Dezvoltare Durabil\u0103 a Jude\u021bului Bra\u0219ov (ADDJB)<br>Mihai Barbu, artist fotograf<br>Silvian Duic\u0103, director Teatrul Strada<br>Carmen Zmaranda, pre\u0219edinte Asocia\u021bia Amural<br>R\u0103zvan Pascu, vicepre\u0219edinte Asocia\u021bia Amural<br>Ruxandra Nazare, bibliotecar, Biblioteca Jude\u021bean\u0103 George Bari\u021biu Bra\u0219ov<br>Alexandru Cre\u021bu, pre\u0219edinte Asocia\u021bia C\u2019Art Fest<br>Raluca Cozma, artist vizual, pre\u0219edinte NUMA` &#8211; Asocia\u021bia Arti\u0219tilor Vizuali din Bra\u0219ov<br>Robert Gabriel Elekes, scriitor, coordonator Clubul de lectur\u0103 Dact\u0103r Nicu Skyzoid Poets<br>Timea Hon\u021b, manager cultural Street Delivery Bra\u0219ov<br>Mihai Ignat, scriitor<br>Oana Paraschiv, membru Asocia\u021bia C\u2019Art Fest<br>Ada Gale\u0219, actri\u021b\u0103<br>Adrian V\u0103lu\u0219escu, manager Centrul Cultural Reduta<br>Angela Dobrescu, sociolog<br>Hortensia Vlase,  pre\u0219edinte Asocia\u021bia Cultural\u0103 de Promovare Turistic\u0103 Bra\u0219ov<br>Bogdan Co\u0219a, scriitor<br>Caius Dobrescu, scriitor<br>Victoria \u021a\u0103roi, pre\u0219edinte Asocia\u021bia Artessentia<br>Ioan-Drago\u0219 Dimitriu, manager Filarmonica Bra\u0219ov<br><\/p>\n","protected":false},"excerpt":{"rendered":"<p>Cultura \u0219i regenerarea vie\u021bii publice bra\u0219ovene Consor\u021biul Cultural Corona este asocia\u021bia cea mai reprezentativ\u0103 pentru mediul cultural bra\u0219ovean \u0219i reune\u0219te 21 de institu\u021bii publice \u0219i organiza\u021bii neguvernamentale culturale din ora\u0219ul nostru. \u00cen contextul dezbaterii bugetului de venituri \u0219i cheltuieli pentru anul 2022 al Municipiului Bra\u0219ov am aflat cu nepl\u0103cut\u0103 surprindere &#8230;<\/p>\n","protected":false},"author":1,"featured_media":0,"comment_status":"closed","ping_status":"closed","sticky":false,"template":"","format":"standard","meta":[],"categories":[5,17],"tags":[],"_links":{"self":[{"href":"https:\/\/consortiulcorona.ro\/index.php?rest_route=\/wp\/v2\/posts\/347"}],"collection":[{"href":"https:\/\/consortiulcorona.ro\/index.php?rest_route=\/wp\/v2\/posts"}],"about":[{"href":"https:\/\/consortiulcorona.ro\/index.php?rest_route=\/wp\/v2\/types\/post"}],"author":[{"embeddable":true,"href":"https:\/\/consortiulcorona.ro\/index.php?rest_route=\/wp\/v2\/users\/1"}],"replies":[{"embeddable":true,"href":"https:\/\/consortiulcorona.ro\/index.php?rest_route=%2Fwp%2Fv2%2Fcomments&post=347"}],"version-history":[{"count":12,"href":"https:\/\/consortiulcorona.ro\/index.php?rest_route=\/wp\/v2\/posts\/347\/revisions"}],"predecessor-version":[{"id":360,"href":"https:\/\/consortiulcorona.ro\/index.php?rest_route=\/wp\/v2\/posts\/347\/revisions\/360"}],"wp:attachment":[{"href":"https:\/\/consortiulcorona.ro\/index.php?rest_route=%2Fwp%2Fv2%2Fmedia&parent=347"}],"wp:term":[{"taxonomy":"category","embeddable":true,"href":"https:\/\/consortiulcorona.ro\/index.php?rest_route=%2Fwp%2Fv2%2Fcategories&post=347"},{"taxonomy":"post_tag","embeddable":true,"href":"https:\/\/consortiulcorona.ro\/index.php?rest_route=%2Fwp%2Fv2%2Ftags&post=347"}],"curies":[{"name":"wp","href":"https:\/\/api.w.org\/{rel}","templated":true}]}}