{"id":326,"date":"2022-02-01T07:21:33","date_gmt":"2022-02-01T07:21:33","guid":{"rendered":"http:\/\/consortiulcorona.ro\/?p=326"},"modified":"2022-02-24T15:13:25","modified_gmt":"2022-02-24T15:13:25","slug":"nominalizarile-la-premiile-in-cultura-la-brasov-2020-2021","status":"publish","type":"post","link":"https:\/\/consortiulcorona.ro\/?p=326","title":{"rendered":"Nominaliz\u0103rile la Premiile \u00een cultur\u0103 la Bra\u0219ov 2020-2021"},"content":{"rendered":"\n<p>CARTEA ANULUI<br>\u201eC\u00e2t de aproape sunt ploile reci\u201d, Bogdan Co\u0219a<br>\u201eEroii care au f\u0103cut istorie\u201d, Asocia\u021bia Forums<br>\u201eBalada\u201d, Adrian Lesenciuc<br>\u201eMult\u0103 for\u021b\u0103 \u0219i un dram de ging\u0103\u0219ie\u201d, Andrei D\u00f3sa<br>\u201eEvreu f\u0103r\u0103 frontier\u0103\u201d, Tiberiu Roth<br>\u201ePrin\u021besa care sfor\u0103ie\u201d, Mihai Ignat<br>\u201eIn memoriam Gernot Nussb\u00e4cher\u201d, Biblioteca Jude\u021bean\u0103 Bra\u0219ov, coord. dr. Ruxandra Nazare<br><br>EXPOZI\u021aIA ANULUI<br>\u201eHans Mattis-Teutsch. Colec\u0163ia Muzeului de Art\u0103 Bra\u015fov\u201d, Muzeul de Art\u0103 Bra\u0219ov<br>\u201eCitius, Altius, Fortius! Secven\u0163e din istoria sportului rom\u00e2nesc\u201d, Muzeul Jude\u021bean de Istorie Bra\u0219ov<br>\u201eAnja Molendijk | Vegetal Bodies\u201d, Asocia\u021bia Artessentia \u0219i Centrul Multicultural al Universit\u0103\u021bii Transilvania<br>\u201e\u0218ocan&#8217;t\u201d, Galeria9<br>\u201eP\u0103l\u0103ria \u2013 accesoriu, elegan\u021b\u0103 \u0219i mesaj \u00een Bra\u0219ovul interbelic\u201d, Muzeul Civiliza\u0163iei Urbane Bra\u0219ov<br>\u201eUnderground\u201d &#8211; Expozi\u021bia inaugural\u0103 BUM, Asocia\u021bia AMURAL<br><br>SPECTACOLUL DE TEATRU AL ANULUI<br>\u201eKONTRAE\u201d, Asocia\u021bia Cultural\u0103 REF<br>\u201eElectronic City\u201d, Teatrul Dramatic \u201eSic\u0103 Alexandrescu\u201d Bra\u0219ov<br>\u201eDurata medie de via\u021b\u0103 a ma\u0219inilor de sp\u0103lat\u201d, Asocia\u021bia Transilvania Arts&amp;Events Bra\u0219ov<br>\u201eIluzii\u201d, Teatrul Dramatic \u201eSic\u0103 Alexandrescu\u201d Bra\u0219ov<br><br>SPECTACOLUL DE DANS\/PERFORMANCE AL ANULUI<br>\u201eCorpuri cere\u0219ti\u2014Descentrat \u00een sus!\u201d, Asocia\u021bia ADO<br>\u201eDisTanz\u201d, Centrul Cultural German Bra\u0219ov<br>\u201eDar de ce s\u0103 tac?\u201d, Asocia\u021bia Delazero<br><br>CONCERTUL ANULUI<br>Gala \u201eEugen Doga\u201d, Opera Bra\u0219ov \u0219i Filarmonica Bra\u0219ov<br>Simion Bogdan \u0219i L\u0103utarii de m\u0103tase, Urbaniada.ro \u0219i Centrul Cultural Reduta<br>Concert \u00een corul Bisericii Negre cu orga mezotonic\u0103 de la Rupea, Biserica Evanghelic\u0103 CA Bra\u0219ov<br>Vi\u021ba de Vie \u0219i Filarmonica Bra\u0219ov, Filarmonica Bra\u0219ov<br>Midnight Buzz la Sala Patria, Asocia\u021bia Artessentia<br><br>FESTIVALUL ANULUI<br>Amural 7 Festival Vizual &#8211; Poezia Ora\u0219ului<br>TAMTAM Festival 2021<br>Bra\u0219ov Jazz&amp;Blues Festival 2021<br>Dracula Film Festival 2021<br>Festivalul Interna\u021bional de Benzi Desenate Istorice Bra\u0219ov 2021<br>Urbaniada.ro | Festival de cultur\u0103 urban\u0103 (edi\u021bia I)<br>Festivalul Musica Barcensis 2021<br><br>PROIECTUL LITERAR AL ANULUI<br>Sear\u0103 de lectur\u0103 cu scriitorul Ingo Schulze, Centrul Cultural German<br>Bienala european\u0103 de poezie &#8211; \u201eScreen Time\u201d (edi\u021bia a V-a), Universitatea Transilvania din Bra\u0219ov, Facultatea de Litere<br>\u201eDact\u0103r Nicu&#8217;s Skyzoid Poets\u201d, Clubul de lectur\u0103 \u201eDact\u0103r Nicu&#8217;s Skyzoid Poets\u201d<br>\u201eReduta Poetic\u0103\u201d, Centrul Cultural Reduta<br>Revista \u201eAstra\u201d, Biblioteca Jude\u021bean\u0103 Bra\u0219ov<br><br>PROIECTUL DE ARTE VIZUALE AL ANULUI<br>Bienala Albastr\u0103 &#8211; Bienala Interna\u021bional\u0103 de Arte Vizuale &#8211; Bra\u0219ov &#8211; 2021 &#8211; \u201eEssentia\u201d, Asocia\u021bia Artessentia<br>Tipare ale poeziei [Andrei Bodiu] | 13m10j, Asocia\u021bia AMURAL \u0219i Centrul Multicultural al Universit\u0103\u021bii Transilvania din Bra\u0219ov<br>Bra\u0219ov Underground Museum, Asocia\u021bia AMURAL<br>\u201eKONTRAE\u201d, Asocia\u021bia Cultural\u0103 REF<br>\u201eThe New Romania \u2013 Rom\u00e2nia ultimilor 30 de ani\u201d, TVR \u0219i Asocia\u021bia AMURAL<br><br>PROIECTUL MUZICAL AL ANULUI<br>\u201eAlone Together. A six part solo piano concert series.\u201d, Centrul Multicultural al Universit\u0103\u021bii Transilvania din Bra\u0219ov<br>vibrate!festival 2021, Asocia\u021bia Cultural\u0103 \u201ePaul Constantinescu \u2013 2009\u201d<br>Transilvania Blues Festival (edi\u021bia a III-a), Asocia\u021bia Transilvania Arts&amp;Events Bra\u0219ov<br>\u201ePrayers\u201d, Underwaves<br>\u201eOrgan nights\u201d, Biserica Evanghelic\u0103 CA Bra\u0219ov<br><br>PROIECTUL CULTURAL AL ANULUI<br>Bastionul Arti\u0219tilor 2020-2021, Muzeul Jude\u021bean de Istorie Bra\u0219ov<br>Muzeul Bisericii Sf. Nicolae Bra\u0219ov \u2013 Prima \u0218coal\u0103 Rom\u00e2neasc\u0103 \u2013 Un model sustenabil de protejare a patrimoniului, Muzeul \u201eCasa Mure\u0219enilor\u201d Bra\u0219ov<br>Patrimoniul cultural iconografic din Schei \u2013 expozi\u021bie na\u021bional\u0103, Muzeul de Etnografie Bra\u0219ov<br><br>PROIECTUL DE EDUCA\u021aIE CULTURAL\u0102 AL ANULUI<br>LUDIC &#8211; Manual de mi\u0219care creativ\u0103, I Dance You \u0219i Asocia\u021bia Pentru Pitici Bra\u0219ov<br>MENTORING UND AKTION, Centrul Cultural German<br>Street Delivery Bra\u0219ov 2021: Leap\u0219a &#8211; Loc de joac\u0103 urban\u0103, Funda\u021bia C\u0103rture\u0219ti \u0219i Libr\u0103riile C\u0103rture\u0219ti Bra\u0219ov<br>De la Diaconul Coresi la poetul \u0218tefan Baciu, Muzeul \u201eCasa Mure\u0219enilor\u201d Bra\u0219ov<br>Parcul Muzical Bra\u0219ov Jazz&amp;Blues Festival, Asocia\u021bia Cultural\u0103 FANZIN<br>Concert dedicat Zilei Copiilor, Filarmonica Bra\u0219ov<br><br>DEBUT<br>\u201eCei cinci ani de mu\u021benie\u201d, Ioana Zenaida Rotariu<br>\u201eInside Equals Outside\u201d, Phonic Bomb<br>Urbaniada.ro<br>Street Delivery Bra\u0219ov <br>Galeria \u201eReduta\u201d<br><br>AFI\u0218UL CULTURAL AL ANULUI<br>Amural r a c o r d (2020)<br>Festivalul Interna\u021bional de Benzi Desenate Istorice Bra\u0219ov 2021<br>MENTORING UND AKTION<br>Durata medie de via\u021b\u0103 a ma\u0219inilor de sp\u0103lat<br>Bienala european\u0103 de poezie &#8211; \u201eScreen Time\u201d (edi\u021bia a V-a)<br>Dracula Film Festival 2021<br>Electronic City<br>Maratonul de poezie de la Facultatea de Litere 2020<br>KONTRAE<br><br>PROIECTUL ON-LINE AL ANULUI<br>\u201eDynamics of Breathing Body-Mind Centering\u00ae INTO DANCE\u201d, Centrul Cultural German<br>\u201eAlone Together. A six part solo piano concert series.\u201d, Centrul Multicultural al Universit\u0103\u021bii Transilvania din Bra\u0219ov<br>Concert \u00een corul Bisericii Negre cu orga mezotonic\u0103 de la Rupea, Biserica Evanghelic\u0103 CA Bra\u0219ov<br>\u201eReduta Poetic\u0103\u201d, Centrul Cultural Reduta<br>Maratonul de poezie de la Facultatea de Litere 2020, Universitatea Transilvania din Bra\u0219ov, Facultatea de Litere<br>LIBfest &#8211; T\u00e2rgul online de cArte \u0219i experien\u021be culturale (edi\u021bia I), Asocia\u021bia cultural\u0103 Libris Bra\u0219ov<br><br>ORGANIZA\u021aIA CULTURAL\u0102 A ANULUI<br>Filarmonica Bra\u0219ov<br>Asocia\u021bia Cultural\u0103 FANZIN<br>Asocia\u021bia Artessentia<br>Biserica Evanghelic\u0103 CA Bra\u0219ov &#8211; Biserica Neagr\u0103<br>Asocia\u021bia Forums<br><br>Premiile \u00een cultur\u0103 la Bra\u0219ov sunt un proiect al Asocia\u021biei Consor\u021biul Cultural Corona cu scopul de a promova artele \u0219i cultura \u00een jude\u021bul Bra\u0219ov \u0219i c\u0103tre publicuri noi. Asocia\u0163ia are ca scop ridicarea profilului artelor \u015fi al culturii, sus\u021binerea performan\u0163ei \u00een creativitate, cultur\u0103 \u015fi educa\u0163ie \u00een jude\u021bul Bra\u0219ov. Promov\u0103m \u0219i recunoa\u0219tem ca prioritare crea\u021biile \u0219i rezultatele comunit\u0103\u021bii culturale locale, celebr\u0103m actorii culturali care au ales s\u0103 performeze acas\u0103.<br><\/p>\n","protected":false},"excerpt":{"rendered":"<p>CARTEA ANULUI\u201eC\u00e2t de aproape sunt ploile reci\u201d, Bogdan Co\u0219a\u201eEroii care au f\u0103cut istorie\u201d, Asocia\u021bia Forums\u201eBalada\u201d, Adrian Lesenciuc\u201eMult\u0103 for\u021b\u0103 \u0219i un dram de ging\u0103\u0219ie\u201d, Andrei D\u00f3sa\u201eEvreu f\u0103r\u0103 frontier\u0103\u201d, Tiberiu Roth\u201ePrin\u021besa care sfor\u0103ie\u201d, Mihai Ignat\u201eIn memoriam Gernot Nussb\u00e4cher\u201d, Biblioteca Jude\u021bean\u0103 Bra\u0219ov, coord. dr. Ruxandra Nazare EXPOZI\u021aIA ANULUI\u201eHans Mattis-Teutsch. Colec\u0163ia Muzeului de Art\u0103 &#8230;<\/p>\n","protected":false},"author":1,"featured_media":0,"comment_status":"closed","ping_status":"closed","sticky":false,"template":"","format":"standard","meta":[],"categories":[100,5],"tags":[],"_links":{"self":[{"href":"https:\/\/consortiulcorona.ro\/index.php?rest_route=\/wp\/v2\/posts\/326"}],"collection":[{"href":"https:\/\/consortiulcorona.ro\/index.php?rest_route=\/wp\/v2\/posts"}],"about":[{"href":"https:\/\/consortiulcorona.ro\/index.php?rest_route=\/wp\/v2\/types\/post"}],"author":[{"embeddable":true,"href":"https:\/\/consortiulcorona.ro\/index.php?rest_route=\/wp\/v2\/users\/1"}],"replies":[{"embeddable":true,"href":"https:\/\/consortiulcorona.ro\/index.php?rest_route=%2Fwp%2Fv2%2Fcomments&post=326"}],"version-history":[{"count":10,"href":"https:\/\/consortiulcorona.ro\/index.php?rest_route=\/wp\/v2\/posts\/326\/revisions"}],"predecessor-version":[{"id":342,"href":"https:\/\/consortiulcorona.ro\/index.php?rest_route=\/wp\/v2\/posts\/326\/revisions\/342"}],"wp:attachment":[{"href":"https:\/\/consortiulcorona.ro\/index.php?rest_route=%2Fwp%2Fv2%2Fmedia&parent=326"}],"wp:term":[{"taxonomy":"category","embeddable":true,"href":"https:\/\/consortiulcorona.ro\/index.php?rest_route=%2Fwp%2Fv2%2Fcategories&post=326"},{"taxonomy":"post_tag","embeddable":true,"href":"https:\/\/consortiulcorona.ro\/index.php?rest_route=%2Fwp%2Fv2%2Ftags&post=326"}],"curies":[{"name":"wp","href":"https:\/\/api.w.org\/{rel}","templated":true}]}}