{"id":318,"date":"2022-02-01T09:36:06","date_gmt":"2022-02-01T09:36:06","guid":{"rendered":"http:\/\/consortiulcorona.ro\/?p=318"},"modified":"2022-02-01T10:41:49","modified_gmt":"2022-02-01T10:41:49","slug":"votul-publicului-premiile-in-cultura-la-brasov-2020-2021","status":"publish","type":"post","link":"https:\/\/consortiulcorona.ro\/?p=318","title":{"rendered":"Votul publicului &#8211; Premiile \u00een Cultur\u0103 la Bra\u0219ov 2020-2021"},"content":{"rendered":"\n<p>Consor\u021biul Cultural Corona organizeaz\u0103 cea de-a \u0219aptea edi\u021bie a \u201ePremiilor Anului \u00een Cultur\u0103 la Bra\u0219ov\u201d. Pentru c\u0103 ultimii doi ani au fost grav afecta\u021bi de restric\u021biile impuse de pandemia COVID 19, \u00een anul 2021 nu s-a organizat aceast\u0103 gal\u0103 pentru anul 2020. Acesta este motivul pentru care \u00een anul 2022 vom celebra performerii anilor 2020-2021, tocmai pentru a oferi recunoa\u0219tere \u00een spa\u021biul public pentru rezilien\u021ba \u0219i performan\u021ba \u00een cultur\u0103 la Bra\u0219ov, \u00een ace\u0219ti ani dificili pentru comunitatea local\u0103.<br><br><strong>V\u0103 invit\u0103m s\u0103 alege\u021bi organiza\u021biile, proiectele \u0219i evenimentele care au marcat \u00een cea mai mare m\u0103sur\u0103 via\u021ba cultural\u0103 a Bra\u0219ovului \u00een 2020-2021, <a href=\"https:\/\/forms.gle\/pvT9F38CLxoPWA3A9\">prin acest formular<\/a><\/strong>.<a href=\"https:\/\/forms.gle\/ycPGs7FaZK4Sr9WJ6\"><br><\/a><br>C\u00e2\u0219tig\u0103torii vor fi desemna\u021bi pe baza op\u021biunilor publicului, cu o pondere de 50%, \u0219i ale unui juriu format din personalit\u0103\u021bi ale artei contemporane \u0219i ale managementului cultural din afara Bra\u0219ovului (50%).<br><br>Premiile se vor decerna pe 25 februarie 2022, \u00een cadrul unei gale care va avea loc la Cinema Astra \u0219i care va fi transmis\u0103 on-line, pe canalele social media ale Consor\u021biului Cultural Corona.<br><br><strong>Aten\u021bie! Pentru ob\u021binerea voturilor publicului este interzis\u0103 folosirea mijloacelor de promovare pl\u0103tite de tip \u201esponsored\u201d sau altele asem\u0103n\u0103toare.<br><\/strong><br>Premiile anului \u00een cultur\u0103 la Bra\u0219ov 2020-2021 sunt sus\u021binute de: Temad, econstrukt.ro, Coresi Shopping Resort \u0219i Apa mineral\u0103 Zizin.<br><br>Parteneri media: Zile \u0219i Nop\u021bi, fwdBV \u0219i Rock Fm.<br><br>Cu sprijinul: Prim\u0103ria Municipiului Bra\u0219ov.<br><br>Organizator: Consor\u021biul Cultural Corona.<br><br><br><\/p>\n\n\n\n<figure class=\"wp-block-image\"><a href=\"https:\/\/forms.gle\/pvT9F38CLxoPWA3A9\" target=\"_blank\" rel=\"noreferrer noopener\"><img loading=\"lazy\" width=\"1024\" height=\"390\" src=\"https:\/\/consortiulcorona.ro\/wp-content\/uploads\/2022\/02\/cover-facebook-PAC-1024x390.jpg\" alt=\"\" class=\"wp-image-319\" srcset=\"https:\/\/consortiulcorona.ro\/wp-content\/uploads\/2022\/02\/cover-facebook-PAC-1024x390.jpg 1024w, https:\/\/consortiulcorona.ro\/wp-content\/uploads\/2022\/02\/cover-facebook-PAC-300x114.jpg 300w, https:\/\/consortiulcorona.ro\/wp-content\/uploads\/2022\/02\/cover-facebook-PAC-768x292.jpg 768w, https:\/\/consortiulcorona.ro\/wp-content\/uploads\/2022\/02\/cover-facebook-PAC-700x266.jpg 700w, https:\/\/consortiulcorona.ro\/wp-content\/uploads\/2022\/02\/cover-facebook-PAC-332x126.jpg 332w\" sizes=\"(max-width: 1024px) 100vw, 1024px\" \/><\/a><\/figure>\n","protected":false},"excerpt":{"rendered":"<p>Consor\u021biul Cultural Corona organizeaz\u0103 cea de-a \u0219aptea edi\u021bie a \u201ePremiilor Anului \u00een Cultur\u0103 la Bra\u0219ov\u201d. Pentru c\u0103 ultimii doi ani au fost grav afecta\u021bi de restric\u021biile impuse de pandemia COVID 19, \u00een anul 2021 nu s-a organizat aceast\u0103 gal\u0103 pentru anul 2020. Acesta este motivul pentru care \u00een anul 2022 &#8230;<\/p>\n","protected":false},"author":1,"featured_media":319,"comment_status":"closed","ping_status":"closed","sticky":false,"template":"","format":"standard","meta":[],"categories":[100,5],"tags":[],"_links":{"self":[{"href":"https:\/\/consortiulcorona.ro\/index.php?rest_route=\/wp\/v2\/posts\/318"}],"collection":[{"href":"https:\/\/consortiulcorona.ro\/index.php?rest_route=\/wp\/v2\/posts"}],"about":[{"href":"https:\/\/consortiulcorona.ro\/index.php?rest_route=\/wp\/v2\/types\/post"}],"author":[{"embeddable":true,"href":"https:\/\/consortiulcorona.ro\/index.php?rest_route=\/wp\/v2\/users\/1"}],"replies":[{"embeddable":true,"href":"https:\/\/consortiulcorona.ro\/index.php?rest_route=%2Fwp%2Fv2%2Fcomments&post=318"}],"version-history":[{"count":6,"href":"https:\/\/consortiulcorona.ro\/index.php?rest_route=\/wp\/v2\/posts\/318\/revisions"}],"predecessor-version":[{"id":325,"href":"https:\/\/consortiulcorona.ro\/index.php?rest_route=\/wp\/v2\/posts\/318\/revisions\/325"}],"wp:featuredmedia":[{"embeddable":true,"href":"https:\/\/consortiulcorona.ro\/index.php?rest_route=\/wp\/v2\/media\/319"}],"wp:attachment":[{"href":"https:\/\/consortiulcorona.ro\/index.php?rest_route=%2Fwp%2Fv2%2Fmedia&parent=318"}],"wp:term":[{"taxonomy":"category","embeddable":true,"href":"https:\/\/consortiulcorona.ro\/index.php?rest_route=%2Fwp%2Fv2%2Fcategories&post=318"},{"taxonomy":"post_tag","embeddable":true,"href":"https:\/\/consortiulcorona.ro\/index.php?rest_route=%2Fwp%2Fv2%2Ftags&post=318"}],"curies":[{"name":"wp","href":"https:\/\/api.w.org\/{rel}","templated":true}]}}