{"id":313,"date":"2022-01-12T12:44:56","date_gmt":"2022-01-12T12:44:56","guid":{"rendered":"http:\/\/consortiulcorona.ro\/?p=313"},"modified":"2025-07-03T07:06:31","modified_gmt":"2025-07-03T07:06:31","slug":"premiile-anilor-2020-2021-in-cultura-la-brasov","status":"publish","type":"post","link":"https:\/\/consortiulcorona.ro\/?p=313","title":{"rendered":"Premiile Anilor 2020-2021 \u00een Cultur\u0103 la Bra\u0219ov"},"content":{"rendered":"\n<p>Consor\u021biul Cultural Corona organizeaz\u0103 cea de-a \u0219aptea edi\u021bie a \u201ePremiilor Anului \u00een Cultur\u0103 la Bra\u0219ov\u201d. Pentru c\u0103 ultimii doi ani au fost grav afecta\u021bi de restric\u021biile impuse de pandemia COVID 19, \u00een anul 2021 nu s-a organizat aceast\u0103 gal\u0103 pentru anul 2020. Acesta este motivul pentru care \u00een anul 2022 vom celebra performerii anilor 2020-2021, tocmai pentru a oferi recunoa\u0219tere \u00een spa\u021biul public pentru rezilien\u021ba \u0219i performan\u021ba \u00een cultur\u0103 la Bra\u0219ov, \u00een ace\u0219ti ani dificili pentru comunitatea local\u0103. Propunerile pentru nominaliz\u0103ri pot fi f\u0103cute \u00een scris, \u00een format electronic, \u00een formularul prezent p\u00e2n\u0103 la data de 25 ianuarie 2022. <\/p>\n\n\n\n<p><a href=\"https:\/\/forms.gle\/amzEG5Z1LDWxaR4g8\" target=\"_blank\" rel=\"noreferrer noopener\" aria-label=\"https:\/\/forms.gle\/amzEG5Z1LDWxaR4g8 (opens in a new tab)\">https:\/\/forms.gle\/amzEG5Z1LDWxaR4g8<\/a><\/p>\n\n\n\n<p><\/p>\n","protected":false},"excerpt":{"rendered":"<p>Consor\u021biul Cultural Corona organizeaz\u0103 cea de-a \u0219aptea edi\u021bie a \u201ePremiilor Anului \u00een Cultur\u0103 la Bra\u0219ov\u201d. Pentru c\u0103 ultimii doi ani au fost grav afecta\u021bi de restric\u021biile impuse de pandemia COVID 19, \u00een anul 2021 nu s-a organizat aceast\u0103 gal\u0103 pentru anul 2020. Acesta este motivul pentru care \u00een anul 2022 &#8230;<\/p>\n","protected":false},"author":1,"featured_media":213,"comment_status":"closed","ping_status":"closed","sticky":false,"template":"","format":"standard","meta":[],"categories":[100,5],"tags":[8,73,38],"_links":{"self":[{"href":"https:\/\/consortiulcorona.ro\/index.php?rest_route=\/wp\/v2\/posts\/313"}],"collection":[{"href":"https:\/\/consortiulcorona.ro\/index.php?rest_route=\/wp\/v2\/posts"}],"about":[{"href":"https:\/\/consortiulcorona.ro\/index.php?rest_route=\/wp\/v2\/types\/post"}],"author":[{"embeddable":true,"href":"https:\/\/consortiulcorona.ro\/index.php?rest_route=\/wp\/v2\/users\/1"}],"replies":[{"embeddable":true,"href":"https:\/\/consortiulcorona.ro\/index.php?rest_route=%2Fwp%2Fv2%2Fcomments&post=313"}],"version-history":[{"count":1,"href":"https:\/\/consortiulcorona.ro\/index.php?rest_route=\/wp\/v2\/posts\/313\/revisions"}],"predecessor-version":[{"id":314,"href":"https:\/\/consortiulcorona.ro\/index.php?rest_route=\/wp\/v2\/posts\/313\/revisions\/314"}],"wp:featuredmedia":[{"embeddable":true,"href":"https:\/\/consortiulcorona.ro\/index.php?rest_route=\/wp\/v2\/media\/213"}],"wp:attachment":[{"href":"https:\/\/consortiulcorona.ro\/index.php?rest_route=%2Fwp%2Fv2%2Fmedia&parent=313"}],"wp:term":[{"taxonomy":"category","embeddable":true,"href":"https:\/\/consortiulcorona.ro\/index.php?rest_route=%2Fwp%2Fv2%2Fcategories&post=313"},{"taxonomy":"post_tag","embeddable":true,"href":"https:\/\/consortiulcorona.ro\/index.php?rest_route=%2Fwp%2Fv2%2Ftags&post=313"}],"curies":[{"name":"wp","href":"https:\/\/api.w.org\/{rel}","templated":true}]}}