{"id":31,"date":"2014-07-07T16:02:30","date_gmt":"2014-07-07T16:02:30","guid":{"rendered":"http:\/\/consortiulcorona.ro\/?p=31"},"modified":"2016-01-18T07:02:24","modified_gmt":"2016-01-18T07:02:24","slug":"resurse","status":"publish","type":"post","link":"https:\/\/consortiulcorona.ro\/?p=31","title":{"rendered":"Resurse"},"content":{"rendered":"<p>Strategia cultural\u0103 a Bra\u0219ovului pentru anii 2015-2030 poate fi consultat\u0103 <a href=\"http:\/\/brasovcity.ro\/file-zone\/proiecte-culturale\/Strategie%20cultura.pdf\">aici<\/a>.<\/p>\n<p>Consor\u021biul Cultural Corona a demarat \u00een anul 2015 ac\u021biunea de cartografiere a culturii bra\u0219ovene existente cu scopul de a elabora o strategie cultural\u0103 a ora\u0219ului \u00een perspectiva candid\u0103rii la titlul de capital\u0103 european\u0103 a culturii \u00een anul 2021.<\/p>\n<p>Completarea bazelor de date s-a f\u0103cut par\u021bial prin \u00eenscrierea \u00een formularele pe care le g\u0103si\u021bi mai jos. Echipa de voluntari a completat datele pentru unele institu\u021bii sau organiza\u021bii care nu au completat singure.<\/p>\n<p>V\u0103 rug\u0103m s\u0103 v\u0103 uita\u021bi prin bazele de date \u0219i dac\u0103 dori\u021bi s\u0103 face\u021bi complet\u0103ri, s\u0103 accesa\u021bi formularele de mai jos. Schimb\u0103rile nu se vor face \u00een timp real.<\/p>\n<p>Sugestii primim pe adresa consortiulculturalcorona(at)gmail.com.<\/p>\n<p><strong>Mapare organiza\u021bii culturale din Bra\u0219ov<\/strong><\/p>\n<p><a href=\"https:\/\/consortiulcorona.ro\/wp-content\/uploads\/2015\/04\/Mapare-organiza\u021bii-culturale-Bra\u0219ov-r\u0103spunsuri-1.xlsx\">Link download fisier<\/a><\/p>\n<p><iframe loading=\"lazy\" src=\"https:\/\/docs.google.com\/spreadsheets\/d\/1A3STGzZc6m3rWl4esFGiILbX7wqChlk5WAloMJSVlaY\/pubhtml?widget=true&amp;headers=false\" width=\"300\" height=\"150\"><\/iframe><\/p>\n<p><strong>Mapare spa\u021bii culturale din Bra\u0219ov<\/strong><\/p>\n<p><a href=\"https:\/\/consortiulcorona.ro\/wp-content\/uploads\/2015\/04\/Mapare-spa\u0163ii-culturale-Bra\u015fov-r\u0103spunsuri-1.xlsx\">Link download fi\u0219ier<\/a><\/p>\n<p><iframe loading=\"lazy\" src=\"https:\/\/docs.google.com\/spreadsheets\/d\/1dFmE5EQO8ZCnQT3nvjSDRDko99TxXUZCN74N67SAR1Q\/pubhtml?widget=true&amp;headers=false\" width=\"300\" height=\"150\"><\/iframe><\/p>\n<p><strong>Mapare evenimente culturale anuale din Bra\u0219ov<\/strong><\/p>\n<p><a href=\"https:\/\/consortiulcorona.ro\/wp-content\/uploads\/2015\/04\/Mapare-Evenimente-culturale-Bra\u015fov-r\u0103spunsuri.xlsx.xlsx\">Link download fi\u0219ier<\/a><\/p>\n<p><iframe loading=\"lazy\" src=\"https:\/\/docs.google.com\/spreadsheets\/d\/1twVirFDLtTg1uCIBkOdSR0uYW1fLt1NM__fQsdp0Zos\/pubhtml?widget=true&amp;headers=false\" width=\"300\" height=\"150\"><\/iframe><\/p>\n<p>Acces completare formulare:<\/p>\n<div><a href=\"https:\/\/docs.google.com\/forms\/d\/1BsAFmC1GUi02JZ33mD4kHzBjRPUjVffpw9358kRgw_g\/viewform\" target=\"_blank\">ORGANIZA\u0162IE <span class=\"il\">CULTURAL<\/span>\u0102<\/a><\/div>\n<div><a href=\"https:\/\/docs.google.com\/forms\/d\/1pWFYeJfRrz6Yo9gGZmiwctc4a6THFeUt5W8AjrpYIZc\/viewform\" target=\"_blank\">SPA\u0162II CULTURALE<\/a><\/div>\n<div><a href=\"https:\/\/docs.google.com\/forms\/d\/1uB76FcfvujyCoX_mRyUSkm2yuZ54tyIjNK9qefTt_DY\/viewform\" target=\"_blank\">EVENIMENTE<\/a><\/div>\n<div><a href=\"https:\/\/docs.google.com\/forms\/d\/1EONbTyi03LzjRLNBmii-gmfTRURFSa3lI1BOoaiYe9k\/viewform\" target=\"_blank\">PERSOANE<\/a> (din motive de protec\u021bia datelor personale, baza de date cu persoane nu a fost dat\u0103 publicit\u0103\u021bii)<\/div>\n<p>&nbsp;<\/p>\n","protected":false},"excerpt":{"rendered":"<p>Strategia cultural\u0103 a Bra\u0219ovului pentru anii 2015-2030 poate fi consultat\u0103 aici. Consor\u021biul Cultural Corona a demarat \u00een anul 2015 ac\u021biunea de cartografiere a culturii bra\u0219ovene existente cu scopul de a elabora o strategie cultural\u0103 a ora\u0219ului \u00een perspectiva candid\u0103rii la titlul de capital\u0103 european\u0103 a culturii \u00een anul 2021. Completarea &#8230;<\/p>\n","protected":false},"author":1,"featured_media":0,"comment_status":"closed","ping_status":"closed","sticky":false,"template":"","format":"standard","meta":[],"categories":[17],"tags":[],"_links":{"self":[{"href":"https:\/\/consortiulcorona.ro\/index.php?rest_route=\/wp\/v2\/posts\/31"}],"collection":[{"href":"https:\/\/consortiulcorona.ro\/index.php?rest_route=\/wp\/v2\/posts"}],"about":[{"href":"https:\/\/consortiulcorona.ro\/index.php?rest_route=\/wp\/v2\/types\/post"}],"author":[{"embeddable":true,"href":"https:\/\/consortiulcorona.ro\/index.php?rest_route=\/wp\/v2\/users\/1"}],"replies":[{"embeddable":true,"href":"https:\/\/consortiulcorona.ro\/index.php?rest_route=%2Fwp%2Fv2%2Fcomments&post=31"}],"version-history":[{"count":8,"href":"https:\/\/consortiulcorona.ro\/index.php?rest_route=\/wp\/v2\/posts\/31\/revisions"}],"predecessor-version":[{"id":172,"href":"https:\/\/consortiulcorona.ro\/index.php?rest_route=\/wp\/v2\/posts\/31\/revisions\/172"}],"wp:attachment":[{"href":"https:\/\/consortiulcorona.ro\/index.php?rest_route=%2Fwp%2Fv2%2Fmedia&parent=31"}],"wp:term":[{"taxonomy":"category","embeddable":true,"href":"https:\/\/consortiulcorona.ro\/index.php?rest_route=%2Fwp%2Fv2%2Fcategories&post=31"},{"taxonomy":"post_tag","embeddable":true,"href":"https:\/\/consortiulcorona.ro\/index.php?rest_route=%2Fwp%2Fv2%2Ftags&post=31"}],"curies":[{"name":"wp","href":"https:\/\/api.w.org\/{rel}","templated":true}]}}