{"id":279,"date":"2020-11-23T11:02:45","date_gmt":"2020-11-23T11:02:45","guid":{"rendered":"http:\/\/consortiulcorona.ro\/?p=279"},"modified":"2020-11-23T11:02:45","modified_gmt":"2020-11-23T11:02:45","slug":"c-arta-2020-conferinta-on-line-cu-reprezentantii-autoritatilor-locale","status":"publish","type":"post","link":"https:\/\/consortiulcorona.ro\/?p=279","title":{"rendered":"C-ARTA 2020 &#8211; conferin\u021b\u0103 on-line cu reprezentan\u021bii autorit\u0103\u021bilor locale"},"content":{"rendered":"\n<p>Miercuri, 18 noiembrie 2020, a avut loc \u00eent\u00e2lnirea on-line a reprezentan\u021bilor autorit\u0103\u021bilor locale \u0219i a mediului cultural bra\u0219ovean, cu ocazia prezent\u0103rii oficiale a C-ARTA 2020. La discu\u021bie au participat din partea Prim\u0103riei Municipiului Bra\u0219ov doamna viceprimar Flavia Boghiu, din partea Consiliului Jude\u021bean Bra\u0219ov domnul director executiv adjunct Petru Nechifor, din partea asocia\u021biei Consor\u021biul Cultural Corona decanul Facult\u0103\u021bii de Litere domnul Adrian L\u0103c\u0103tu\u0219, managerul Muzeului de Art\u0103 domnul Radu Popica, managerul Muzeului Casa Mure\u0219enilor Bra\u0219ov domnul Valer Rus, pre\u0219edintele Asocia\u021biei Forum Arte organistul Steffen Schlandt \u0219i pre\u0219edintele Asocia\u021biei KunSTadt managerul cultural Mara Opri\u0219iu.<\/p>\n\n\n\n<p>La baza discu\u021biei au stat principiile \u0219i direc\u021biile de ac\u021biune propuse de mediul cultural bra\u0219ovean, a\u0219a cum au fost ele trasate la \u00eent\u00e2lnirea din 22 octombrie 2020, \u0219i la care s-au raliat prin semn\u0103turi peste 50 de reprezentan\u021bi ai diferitelor institu\u021bii \u0219i organiza\u021bii culturale locale. Reprezentan\u021bii Prim\u0103riei Municipiului Bra\u0219ov \u0219i ai Consiliului Jude\u021bean Bra\u0219ov au salutat ini\u021bierea acestui document strategic \u0219i nu s-au opus niciunui principiu propus. De\u0219i s-a ar\u0103tat c\u0103 nu se poate asuma printr-o hot\u0103r\u00e2re legislativ\u0103 local\u0103 sau jude\u021bean\u0103 acordarea unui procent fix din bugetul anual pentru finan\u021barea nerambursabil\u0103 a culturii, s-a agreat ideea cre\u0219terii aloc\u0103rii de resurse financiare \u00een timp.<\/p>\n\n\n\n<p>Doamna viceprimar Boghiu a prezentat etapizarea ac\u021biunilor viitoare ale Prim\u0103riei Municipiului Bra\u0219ov, const\u00e2nd \u00een desemnarea unui consilier special pentru cultur\u0103 \u0219i ini\u021bierea unei noi strategii culturale pentru ora\u0219ul Bra\u0219ov. Domnul director executiv adjunct Nechifor a reafirmat inten\u021bia ferm\u0103 a Consiliului Jude\u021bean pentru rescrierea unei strategii culturale \u0219i turistice a Jude\u021bului Bra\u0219ov, precum \u0219i dorin\u021ba de extindere a activit\u0103\u021bilor \u0219i proiectelor culturale \u0219i \u00een regiunile Cohalm-Rupea \u0219i F\u0103g\u0103ra\u0219, al\u0103turi de regiunea B\u00e2rsei.<\/p>\n\n\n\n<p>\u00cen \u00eencheiere s-a stabilit ca la urm\u0103toarea \u00eent\u00e2lnire consultativ\u0103 ini\u021biat\u0103 de autorit\u0103\u021bile locale s\u0103 fie invita\u021bi \u0219i reprezentan\u021bii mediului cultural, pentru a se asigura transparen\u021ba \u0219i participarea comunit\u0103\u021bii la derularea activit\u0103\u021bilor specifice, inclusiv cele referitoare la Zilele Bra\u0219ovului etc.<\/p>\n","protected":false},"excerpt":{"rendered":"<p>Miercuri, 18 noiembrie 2020, a avut loc \u00eent\u00e2lnirea on-line a reprezentan\u021bilor autorit\u0103\u021bilor locale \u0219i a mediului cultural bra\u0219ovean, cu ocazia prezent\u0103rii oficiale a C-ARTA 2020. La discu\u021bie au participat din partea Prim\u0103riei Municipiului Bra\u0219ov doamna viceprimar Flavia Boghiu, din partea Consiliului Jude\u021bean Bra\u0219ov domnul director executiv adjunct Petru Nechifor, din &#8230;<\/p>\n","protected":false},"author":1,"featured_media":280,"comment_status":"closed","ping_status":"closed","sticky":false,"template":"","format":"standard","meta":[],"categories":[5],"tags":[],"_links":{"self":[{"href":"https:\/\/consortiulcorona.ro\/index.php?rest_route=\/wp\/v2\/posts\/279"}],"collection":[{"href":"https:\/\/consortiulcorona.ro\/index.php?rest_route=\/wp\/v2\/posts"}],"about":[{"href":"https:\/\/consortiulcorona.ro\/index.php?rest_route=\/wp\/v2\/types\/post"}],"author":[{"embeddable":true,"href":"https:\/\/consortiulcorona.ro\/index.php?rest_route=\/wp\/v2\/users\/1"}],"replies":[{"embeddable":true,"href":"https:\/\/consortiulcorona.ro\/index.php?rest_route=%2Fwp%2Fv2%2Fcomments&post=279"}],"version-history":[{"count":1,"href":"https:\/\/consortiulcorona.ro\/index.php?rest_route=\/wp\/v2\/posts\/279\/revisions"}],"predecessor-version":[{"id":281,"href":"https:\/\/consortiulcorona.ro\/index.php?rest_route=\/wp\/v2\/posts\/279\/revisions\/281"}],"wp:featuredmedia":[{"embeddable":true,"href":"https:\/\/consortiulcorona.ro\/index.php?rest_route=\/wp\/v2\/media\/280"}],"wp:attachment":[{"href":"https:\/\/consortiulcorona.ro\/index.php?rest_route=%2Fwp%2Fv2%2Fmedia&parent=279"}],"wp:term":[{"taxonomy":"category","embeddable":true,"href":"https:\/\/consortiulcorona.ro\/index.php?rest_route=%2Fwp%2Fv2%2Fcategories&post=279"},{"taxonomy":"post_tag","embeddable":true,"href":"https:\/\/consortiulcorona.ro\/index.php?rest_route=%2Fwp%2Fv2%2Ftags&post=279"}],"curies":[{"name":"wp","href":"https:\/\/api.w.org\/{rel}","templated":true}]}}