{"id":251,"date":"2020-10-15T17:25:50","date_gmt":"2020-10-15T17:25:50","guid":{"rendered":"http:\/\/consortiulcorona.ro\/?p=251"},"modified":"2020-10-15T17:25:50","modified_gmt":"2020-10-15T17:25:50","slug":"expozitia-unui-brand-icoanele-din-scheii-brasovului","status":"publish","type":"post","link":"https:\/\/consortiulcorona.ro\/?p=251","title":{"rendered":"Expozi\u021bia unui brand &#8211; Icoanele din \u0218cheii Bra\u0219ovului"},"content":{"rendered":"\n<p>Jude\u021bul Bra\u0219ov este norocos de a avea un patrimoniu artistic\ntradi\u021bional, specific ambelor p\u0103r\u021bi componente, \u021aara B\u00e2rsei \u0219i F\u0103g\u0103ra\u0219 (ori\n\u021aara Oltului, cum se numea \u00een vechime). Este vorba de icoanele pe sticl\u0103,\npictate fie in maniera \u0219colii din \u0218cheii Bra\u0219ovului, fie \u00een cea a arti\u0219tilor\niconari f\u0103g\u0103r\u0103\u0219eni.<\/p>\n\n\n\n<p>Icoanele pe sticl\u0103 au st\u00e2rnit interesul \u0219i aprecierea\ncolec\u021bionarilor, particulari sau institu\u021bii de stat. Am avut ocazia sa v\u0103d\nco!ectia preotului Zosim Oancea din Sibiel, care arat\u0103 toate formele si\nculorile artei iconarilor transilv\u0103neni. Muzeul icoanelor pe sticl\u0103 \u201cZosim\nOancea\u201d p\u0103streaz\u0103 icoane pe sticl\u0103 \u00een diferite stiluri \u0219i tonuri, de la\nrafinatele gri-uri \u00een nuan\u021be verzi, a\u0219a numitele icoane s\u00e2rbe\u0219ti, la cele\ncreate de \u0219colile de la Nicula, F\u0103g\u0103ra\u0219 \u0219i din \u0218cheii Bra\u0219ovului. O vizit\u0103 \u00een\nConstan\u021ba mi-a dat prilejul s\u0103 v\u0103d colec\u021bia impresionant\u0103 de icoane\ntransilv\u0103nene pe sticl\u0103 de la Muzeul de Etnografie, expus\u0103 chiar la intrare, \u00een\nholul \u0219i s\u0103lile de la parter \u0219i realizat\u0103 \u00een mare parte prin achizi\u021bii \u0219i unele\ndona\u021bii. Filosofia asumat\u0103 a acestui muzeu este s\u0103 fie o oglind\u0103 etnografic\u0103 a\nRom\u00e2niei mai ales \u00een fa\u021ba turi\u0219tilor str\u0103ini, contribuind la cunoa\u0219terea artei\n\u0219i tradi\u021biilor din Rom\u00e2nia, nu numai din Dobrogea. Cu aceast\u0103 ocazie, am v\u0103zut\natunci foarte multe icoane \u00een tradi\u021bia artistic\u0103 a \u0219colii din \u0218cheii\nBra\u0219ovului. Era prima dat\u0103 c\u00e2nd vedeam at\u00e2t de multe astfel de icoane din zona\nmea natal\u0103, expuse la un loc, av\u00e2nd un impact mai mare \u00een acest fel. Dac\u0103\najunge\u021bi \u00een aceste locuri, recomand vizitarea muzeelor indicate.<\/p>\n\n\n\n<p>Aceste experien\u021be m-au f\u0103cut s\u0103 \u00eencep s\u0103 caut s\u0103 v\u0103d icoanele pe\nsticl\u0103 din \u0218cheii Bra\u0219ovului \u0219i din F\u0103g\u0103ra\u0219 la mine acas\u0103. La Bra\u0219ov po\u021bi vedea\nc\u00e2teva icoane pe sticl\u0103 expuse la Muzeul Primei \u0218coli Rom\u00e2ne\u0219ti, unde descoperi\nspecificul tehnicii din \u0218cheii Bra\u0219ovului, cu toate c\u0103 sunt pu\u021bine \u0219i ar avea\nnevoie de restaurare. Dac\u0103 icoanele \u0219cheiene pot fi v\u0103zute aici, \u00een schimb, din\np\u0103cate, alta este situa\u021bia pentru icoanele caracteristice zonei F\u0103g\u0103ra\u0219ului,\ncel pu\u021bin \u00een muzee. Nu exist\u0103 icoane pictate pe sticl\u0103 expuse in muzeele din jude\u021bul\nBra\u0219ov, de\u0219i acestea p\u0103streaz\u0103 colec\u021bii de patrimoniu de acest gen \u00een\ndepozitele lor. A fost o bucurie s\u0103 descop\u0103r dou\u0103 superbe icoane pictate pe\nfond albastru, tipic artei me\u0219terilor f\u0103g\u0103r\u0103\u0219eni, \u00eentr-o m\u00e2ndr\u0103 comun\u0103\nf\u0103g\u0103r\u0103\u0219ean\u0103, unde \u00eempodobeau \u0219i luminau l\u0103ca\u0219ul sf\u00e2nt. Fuseser\u0103 restaurate la\nUniversitatea Na\u021bional\u0103 de Arte Bucure\u0219ti, gra\u021bie unui proiect de restaurare a\nbisericii \u0219i implic\u0103rii unui profesor universitar originar din localitate.<\/p>\n\n\n\n<p>Am f\u0103cut aceast\u0103 lung\u0103 introducere pentru a pune \u00een context o\nbinevenit\u0103 expozi\u021bie de la Muzeul de Etnografie Bra\u0219ov, care valorific\u0103\npatrimoniul de icoane pictate pe sticl\u0103 din \u0218cheii Bra\u0219ovului. \u00cen spa\u021biul de la\nintrare te \u00eent\u00e2mpina o expozi\u021bie de peste 20 de icoane scheiene. De dimensiuni\nmari, pe fond de ro\u0219u carmin, icoanele au fost selectate cu grij\u0103 \u0219i r\u00e2nduite\ndup\u0103 un principiu de ordine interioar\u0103. Conceptul \u0219i structura expozi\u021biei se\ndezv\u0103luie prin aten\u021bia acordat\u0103 reprezent\u0103rilor. S\u0103rb\u0103torile \u0219i personajele\nsacre, redate \u00een icoane, ordonau universul credincio\u0219ilor dup\u0103 calendarul\nmuncilor \u0219i cel bisericesc. Buna vestire, \u00cenvierea Domnului, sfin\u021bii Gheorghe,\nDumitru \u0219i Nicolae marcau momentele importante ale anului, un perfect\nparalelism \u00eentre ritmul ocupa\u021biilor \u0219i s\u0103rb\u0103torile cre\u0219tine. Sf. Haralambie juca\nun rol ocrotitor important, protej\u00e2nd de boli, de unde prezen\u021ba sa frecvent\u0103 \u00een\nreprezent\u0103ri.<\/p>\n\n\n\n<p>S-a renun\u021bat inspirat la expunerea \u00een vitrine \u0219i icoanele au parte de lumin\u0103 adecvat\u0103 \u0219i o prezentare potrivit\u0103. Pentru promovare s-a realizat un spider cu imagini si texte l\u0103muritoare. Apreciem noua formul\u0103 expozi\u021bional\u0103, care valorific\u0103 spa\u021biul \u00eengust \u0219i ingrat, pun\u00e2nd in lumin\u0103 exponatele. Ca vizitator, e\u0219ti inundat de ro\u0219u carmin, cromatica predilect\u0103 a artei iconarilor \u0219cheieni, fond pe care se contureaz\u0103 cu putere scenele pictate in negru, maro \u0219i alte culori. Organizatorii au ales cu discern\u0103m\u00e2nt s\u0103 organizeze doar o expozi\u021bie cu icoane pictate pe sticl\u0103 din \u0218cheii Bra\u0219ovului, ar\u0103t\u00e2nd publicului o parte din colec\u021bii. Practic, micul spa\u021biu, mai pu\u021bin generos, dar inteligent folosit, g\u0103zduie\u0219te expozi\u021bia unui mare brand, un patrimoniu pe care merit\u0103 s\u0103 \u00eel cunoa\u0219tem, s\u0103 \u00eel recunoa\u0219tem, s\u0103 ni-l asum\u0103m \u0219i s\u0103 fim m\u00e2ndri de el. Icoanele pe sticl\u0103 pictate \u00een tradi\u021bia \u0219colii artistice din \u0218cheii Bra\u0219ovului sunt cu siguran\u021b\u0103 un brand al Bra\u0219ovului, cu poten\u021bial inclusiv turistic, dar nu numai. A\u0219teptam cu ner\u0103bdare expozi\u021bia de icoane pe sticl\u0103 f\u0103g\u0103r\u0103\u0219ene,foarte probabil \u00een anul viitor, valorific\u00e2nd valoroas\u0103 colec\u021bie de icoane p\u0103strate cu grij\u0103 \u00een depozite. P\u00e2n\u0103 atunci, recomand\u0103m c\u0103lduros s\u0103 vizita\u021bi aceast\u0103 expozi\u021bie, ce se dovede\u0219te expozi\u021bia unui brand, parte din cultura, tradi\u021bia \u0219i patrimoniul nostru local. Expozi\u021bia va r\u0103m\u00e2ne pe simeze toat\u0103 luna octombrie.<\/p>\n","protected":false},"excerpt":{"rendered":"<p>Jude\u021bul Bra\u0219ov este norocos de a avea un patrimoniu artistic tradi\u021bional, specific ambelor p\u0103r\u021bi componente, \u021aara B\u00e2rsei \u0219i F\u0103g\u0103ra\u0219 (ori \u021aara Oltului, cum se numea \u00een vechime). Este vorba de icoanele pe sticl\u0103, pictate fie in maniera \u0219colii din \u0218cheii Bra\u0219ovului, fie \u00een cea a arti\u0219tilor iconari f\u0103g\u0103r\u0103\u0219eni. Icoanele pe &#8230;<\/p>\n","protected":false},"author":1,"featured_media":0,"comment_status":"closed","ping_status":"closed","sticky":false,"template":"","format":"standard","meta":[],"categories":[5],"tags":[],"_links":{"self":[{"href":"https:\/\/consortiulcorona.ro\/index.php?rest_route=\/wp\/v2\/posts\/251"}],"collection":[{"href":"https:\/\/consortiulcorona.ro\/index.php?rest_route=\/wp\/v2\/posts"}],"about":[{"href":"https:\/\/consortiulcorona.ro\/index.php?rest_route=\/wp\/v2\/types\/post"}],"author":[{"embeddable":true,"href":"https:\/\/consortiulcorona.ro\/index.php?rest_route=\/wp\/v2\/users\/1"}],"replies":[{"embeddable":true,"href":"https:\/\/consortiulcorona.ro\/index.php?rest_route=%2Fwp%2Fv2%2Fcomments&post=251"}],"version-history":[{"count":1,"href":"https:\/\/consortiulcorona.ro\/index.php?rest_route=\/wp\/v2\/posts\/251\/revisions"}],"predecessor-version":[{"id":252,"href":"https:\/\/consortiulcorona.ro\/index.php?rest_route=\/wp\/v2\/posts\/251\/revisions\/252"}],"wp:attachment":[{"href":"https:\/\/consortiulcorona.ro\/index.php?rest_route=%2Fwp%2Fv2%2Fmedia&parent=251"}],"wp:term":[{"taxonomy":"category","embeddable":true,"href":"https:\/\/consortiulcorona.ro\/index.php?rest_route=%2Fwp%2Fv2%2Fcategories&post=251"},{"taxonomy":"post_tag","embeddable":true,"href":"https:\/\/consortiulcorona.ro\/index.php?rest_route=%2Fwp%2Fv2%2Ftags&post=251"}],"curies":[{"name":"wp","href":"https:\/\/api.w.org\/{rel}","templated":true}]}}