{"id":246,"date":"2020-02-26T11:35:45","date_gmt":"2020-02-26T11:35:45","guid":{"rendered":"http:\/\/consortiulcorona.ro\/?p=246"},"modified":"2020-02-26T11:36:32","modified_gmt":"2020-02-26T11:36:32","slug":"castigatorii-premiilor-anului-2019-in-cultura-la-brasov","status":"publish","type":"post","link":"https:\/\/consortiulcorona.ro\/?p=246","title":{"rendered":"C\u00e2\u0219tig\u0103torii Premiilor Anului 2019 \u00een Cultur\u0103 la Bra\u0219ov"},"content":{"rendered":"\n<p><strong>C\u00e2\u0219tig\u0103torii Premiilor Anului 2019 \u00een Cultur\u0103 la\nBra\u0219ov<\/strong><\/p>\n\n\n\n<p>Bra\u0219ov\n26 februarie 2020<\/p>\n\n\n\n<p><strong>Mar\u021bi 25 februarie 2020, Consor\u021biul Cultural Corona\na decernat Premiile Anului 2019 \u00een Cultur\u0103 la Bra\u0219ov \u00een cadrul unei gale\norganizate la Centrul Multicultural al Universit\u0103\u021bii Transilvania.<\/strong> <\/p>\n\n\n\n<p>C\u00e2\u0219tig\u0103torii au fost desemna\u021bi pe baza voturilor exprimate online\nde c\u0103tre publicul bra\u0219ovean, respectiv a notelor acordate de c\u0103tre trei\npersonalit\u0103\u021bi ale artei contemporane \u0219i ale managementului cultural din afara\nBra\u0219ovului, ale c\u0103rui op\u021biuni au avut \u0219i \u00een acest an o pondere de 50%. Juriul\nacestei edi\u021bii a fost format din Silvia Antigona Rogozea, curator \u0219i director\nde programe la Muzeul Na\u021bional de Art\u0103 Contemporan\u0103, Ciprian Anghel \u0218tefan, directorul\ngeneral al Complexului Na\u021bional Muzeal ASTRA \u0219i pre\u0219edinte&nbsp;al Re\u021belei\nNa\u021bionale a Muzeelor din Rom\u00e2nia, \u0219i Lumini\u021ba Arvunescu, realizator Radio\nRom\u00e2nia Muzical \u0219i&nbsp; Pre\u0219edinta Uniunii\nCriticilor, Redactorilor \u0219i Realizatorilor Muzicali din Rom\u00e2nia.<\/p>\n\n\n\n<p>La categoriile deja consacrate s-au ad\u0103ugat, la aceast\u0103 a \u0219asea\nedi\u021bie, dou\u0103 sec\u021biuni noi: Proiectul de educa\u021bie cultural\u0103 al anului, respectiv\nProiectul de arte vizuale al anului. <\/p>\n\n\n\n<p><br> Dintre proiectele, evenimentele \u0219i organiza\u021biile culturale nominalizate, au fost desemna\u021bi urm\u0103torii c\u00e2\u0219tig\u0103tori:<br> <\/p>\n\n\n\n<ol><li>Cartea\nanului<\/li><\/ol>\n\n\n\n<p><em>Istorii\ndin &#8217;89 \u00een benzi desenate<\/em><\/p>\n\n\n\n<p>Muzeul\nJude\u021bean de Istorie Bra\u0219ov<\/p>\n\n\n\n<ul><li>Expozi\u021bia\nanului<\/li><\/ul>\n\n\n\n<p><em>Pove\u0219ti\nrom\u00e2ne\u0219ti<\/em><\/p>\n\n\n\n<p>Clubul\nIlustratorilor, Muzeul Casa Mure\u0219enilor<\/p>\n\n\n\n<ul><li>Festivalul\nanului<\/li><\/ul>\n\n\n\n<p>cartfest\n&#8211; Festivalul de Art\u0103 \u0219i Cultur\u0103 Cristian<\/p>\n\n\n\n<ul><li>Afi\u0219ul\ncultural al anului<\/li><\/ul>\n\n\n\n<p>Festivalul\nde Benzi Desenate Istorie Bra\u0219ov 2019<\/p>\n\n\n\n<ul><li>Concertul\nanului<\/li><\/ul>\n\n\n\n<p>Concert\nde Cr\u0103ciun <em>Fulgi de colind<\/em><\/p>\n\n\n\n<p>Cvintetul\nvocal ANATOLY<\/p>\n\n\n\n<ul><li>Proiectul\ncultural al anului<\/li><\/ul>\n\n\n\n<p>TAMTAM\nFestival<\/p>\n\n\n\n<ul><li>Spectacolul\nde teatru al anului<\/li><\/ul>\n\n\n\n<p><em>\u00cembl\u00e2nzirea\nScorpiei<\/em><\/p>\n\n\n\n<p>Centrul\nCultural Reduta<\/p>\n\n\n\n<ul><li>Proiectul\nliterar al anului<\/li><\/ul>\n\n\n\n<p>AntareSFest\n2019<\/p>\n\n\n\n<ul><li>Proiectul\nmuzical al anului<\/li><\/ul>\n\n\n\n<p>Alina\nBercu, Integrala sonatelor pentru pian de Ludwig van Beethoven<\/p>\n\n\n\n<p>Centrul\nMuzical al Universit\u0103\u021bii Transilvania<\/p>\n\n\n\n<ol><li>Spectacolul\nde dans \/ performance al anului <\/li><\/ol>\n\n\n\n<p><em>Abua\nBua Bua<\/em><\/p>\n\n\n\n<p>Organiza\u021bia\nde Tineret a Forumului Democrat German din Bra\u0219ov <\/p>\n\n\n\n<ol><li>Debut<\/li><\/ol>\n\n\n\n<p>Orchestra\nde camer\u0103 a Universit\u0103\u021bii Transilvania din Bra\u0219ov<\/p>\n\n\n\n<ol><li>Proiectul\nde educa\u021bie cultural\u0103 al anului<\/li><\/ol>\n\n\n\n<p>Spectocular<\/p>\n\n\n\n<p>Asocia\u021bia\nAmural<\/p>\n\n\n\n<ol><li>Proiectul\nde arte vizuale al anului<\/li><\/ol>\n\n\n\n<p>Amural\nFestival Vizual<\/p>\n\n\n\n<ol><li>Organiza\u021bia\ncultural\u0103 a anului<\/li><\/ol>\n\n\n\n<p>Centrul\nMulticultural al Universit\u0103\u021bii Transilvania<\/p>\n\n\n\n<p>Gala Premiilor Anului\n\u00een Cultur\u0103 la Bra\u0219ov a fost organizat\u0103 \u00een acest an cu sprijinul Coresi Shopping\nResort.<\/p>\n\n\n\n<p>Grafic\u0103: Alina Andrei<\/p>\n\n\n\n<p>Program muzical: Ansamblul\nde camer\u0103 al Liceului Voca\u021bional de Muzic\u0103 \u201eTudor Ciortea\u201d<\/p>\n","protected":false},"excerpt":{"rendered":"<p>C\u00e2\u0219tig\u0103torii Premiilor Anului 2019 \u00een Cultur\u0103 la Bra\u0219ov Bra\u0219ov 26 februarie 2020 Mar\u021bi 25 februarie 2020, Consor\u021biul Cultural Corona a decernat Premiile Anului 2019 \u00een Cultur\u0103 la Bra\u0219ov \u00een cadrul unei gale organizate la Centrul Multicultural al Universit\u0103\u021bii Transilvania. C\u00e2\u0219tig\u0103torii au fost desemna\u021bi pe baza voturilor exprimate online de c\u0103tre &#8230;<\/p>\n","protected":false},"author":1,"featured_media":0,"comment_status":"closed","ping_status":"closed","sticky":false,"template":"","format":"standard","meta":[],"categories":[69,5],"tags":[],"_links":{"self":[{"href":"https:\/\/consortiulcorona.ro\/index.php?rest_route=\/wp\/v2\/posts\/246"}],"collection":[{"href":"https:\/\/consortiulcorona.ro\/index.php?rest_route=\/wp\/v2\/posts"}],"about":[{"href":"https:\/\/consortiulcorona.ro\/index.php?rest_route=\/wp\/v2\/types\/post"}],"author":[{"embeddable":true,"href":"https:\/\/consortiulcorona.ro\/index.php?rest_route=\/wp\/v2\/users\/1"}],"replies":[{"embeddable":true,"href":"https:\/\/consortiulcorona.ro\/index.php?rest_route=%2Fwp%2Fv2%2Fcomments&post=246"}],"version-history":[{"count":1,"href":"https:\/\/consortiulcorona.ro\/index.php?rest_route=\/wp\/v2\/posts\/246\/revisions"}],"predecessor-version":[{"id":247,"href":"https:\/\/consortiulcorona.ro\/index.php?rest_route=\/wp\/v2\/posts\/246\/revisions\/247"}],"wp:attachment":[{"href":"https:\/\/consortiulcorona.ro\/index.php?rest_route=%2Fwp%2Fv2%2Fmedia&parent=246"}],"wp:term":[{"taxonomy":"category","embeddable":true,"href":"https:\/\/consortiulcorona.ro\/index.php?rest_route=%2Fwp%2Fv2%2Fcategories&post=246"},{"taxonomy":"post_tag","embeddable":true,"href":"https:\/\/consortiulcorona.ro\/index.php?rest_route=%2Fwp%2Fv2%2Ftags&post=246"}],"curies":[{"name":"wp","href":"https:\/\/api.w.org\/{rel}","templated":true}]}}