{"id":204,"date":"2016-11-16T07:54:41","date_gmt":"2016-11-16T07:54:41","guid":{"rendered":"http:\/\/consortiulcorona.ro\/?p=204"},"modified":"2025-07-03T06:45:50","modified_gmt":"2025-07-03T06:45:50","slug":"scrisoare-deschisa-catre-primaria-municipiului-brasov","status":"publish","type":"post","link":"https:\/\/consortiulcorona.ro\/?p=204","title":{"rendered":"Scrisoare deschis\u0103 c\u0103tre Prim\u0103ria Municipiului Bra\u0219ov"},"content":{"rendered":"<div>\n<p dir=\"ltr\">C\u0103tre Prim\u0103ria Municipiului Bra\u0219ov<\/p>\n<p dir=\"ltr\">\u00cen aten\u021bia domnului primar George Scripcaru<\/p>\n<div dir=\"ltr\"><\/div>\n<p dir=\"ltr\">\u00cen speran\u021ba unei comunic\u0103ri active \u00eentre Prim\u0103rie \u0219i mediul cultural local, benefice \u00een sensul ridic\u0103rii calit\u0103\u021bii actului cultural \u0219i al impactului investi\u021biilor \u00een cultur\u0103, reprezentan\u021bii mediului cultural bra\u0219ovean, reuni\u021bi \u00een \u0219i \u00een jurul Consor\u021biului Cultural Corona, reprezent\u00e2nd institu\u021bii de cultur\u0103, ONG-uri, arti\u0219ti \u0219i organizatori individuali de evenimente, v\u0103 solicit\u0103 un punct de vedere oficial cu privire la urm\u0103toarele probleme identificate de c\u0103tre mai multe organiza\u021bii sau persoane fizice active \u00een domeniu:<\/p>\n<div dir=\"ltr\"><\/div>\n<p dir=\"ltr\">1. Cum inten\u021biona\u021bi s\u0103 implica\u021bi reprezentan\u021bii mediului cultural \u00een realizarea evenimentelor de interes cultural major ale comunit\u0103\u021bii, precum Zilele Bra\u0219ovului? P\u00een\u0103 acum, comunitatea artistic\u0103 \u0219i cultural\u0103 bra\u0219ovean\u0103 reprezint\u0103 mai degrab\u0103 un public pasiv la evenimente organizate f\u0103r\u0103 consultare \u0219i care reflect\u0103 prea pu\u021bin specificul creativ al Bra\u0219ovului \u0219i diversitatea publicului local.<\/p>\n<div dir=\"ltr\"><\/div>\n<p dir=\"ltr\">2. Cum inten\u021biona\u021bi s\u0103 pune\u021bi \u00een aplicare angajamentele asumate \u00een campania pentru alegerile locale din iunie 2016 cu privire la crearea de solu\u021bii sistemice pentru managementul integrat al culturii \u0219i turismului la Bra\u0219ov?<\/p>\n<div dir=\"ltr\"><\/div>\n<p dir=\"ltr\">3. C\u00e2nd ve\u021bi organiza consultarea public\u0103 pentru modul de alocare \u00een continuare a resurselor financiare ale programului de finan\u021bare pentru proiecte culturale?<\/p>\n<div dir=\"ltr\"><\/div>\n<p dir=\"ltr\">4. Cum \u0219i c\u00e2nd se va rezolva \u00een mod civilizat problema cronic\u0103 a afi\u0219ajului public stradal pentru evenimentele culturale ale ora\u0219ului?<\/p>\n<div dir=\"ltr\"><\/div>\n<p dir=\"ltr\">5. Ve\u021bi relua anual sondajul de opinie cu privire la consumul cultural la Bra\u0219ov, necesar pentru recalibrarea (adaptarea) ofertei culturale?<\/p>\n<div dir=\"ltr\"><\/div>\n<p dir=\"ltr\">6. Cine se va ocupa de implementarea strategiei culturale a Bra\u015fovului, un document asumat de Prim\u0103rie?<\/p>\n<div dir=\"ltr\"><\/div>\n<p dir=\"ltr\">Bra\u0219ov<\/p>\n<p dir=\"ltr\">16 noiembrie 2016<\/p>\n<div dir=\"ltr\"><\/div>\n<p dir=\"ltr\">Semnatari<\/p>\n<div dir=\"ltr\"><\/div>\n<p dir=\"ltr\">Alina Floroi, Asocia\u021bia Laborazon<\/p>\n<p dir=\"ltr\">Valer Rus, Muzeul \u201eCasa Mure\u0219enilor\u201d Bra\u0219ov<\/p>\n<p dir=\"ltr\">Mara Opri\u015fiu, Asocia\u0163ia KunSTadt<\/p>\n<p dir=\"ltr\">Ionu\u021b Constantin, Fernet Blues Company<\/p>\n<p dir=\"ltr\">Roxana Florescu, Centrul Cultural German Brasov<\/p>\n<p dir=\"ltr\">Steffen Schlandt, Fundatia Forum ARTE\/ organist Biserica Neagr\u0103<\/p>\n<p dir=\"ltr\">Alexandru Vere\u0219, Actor \/ Inginer in Telecomunicatii<\/p>\n<p>Vladimir \u021a\u0103roi, artist<\/p>\n<\/div>\n<div>Adrian L\u0103c\u0103tu\u0219, Facultatea de Litere Bra\u0219ov<\/div>\n","protected":false},"excerpt":{"rendered":"<p>C\u0103tre Prim\u0103ria Municipiului Bra\u0219ov \u00cen aten\u021bia domnului primar George Scripcaru \u00cen speran\u021ba unei comunic\u0103ri active \u00eentre Prim\u0103rie \u0219i mediul cultural local, benefice \u00een sensul ridic\u0103rii calit\u0103\u021bii actului cultural \u0219i al impactului investi\u021biilor \u00een cultur\u0103, reprezentan\u021bii mediului cultural bra\u0219ovean, reuni\u021bi \u00een \u0219i \u00een jurul Consor\u021biului Cultural Corona, reprezent\u00e2nd institu\u021bii de cultur\u0103, &#8230;<\/p>\n","protected":false},"author":1,"featured_media":205,"comment_status":"closed","ping_status":"closed","sticky":false,"template":"","format":"standard","meta":[],"categories":[5,17],"tags":[],"_links":{"self":[{"href":"https:\/\/consortiulcorona.ro\/index.php?rest_route=\/wp\/v2\/posts\/204"}],"collection":[{"href":"https:\/\/consortiulcorona.ro\/index.php?rest_route=\/wp\/v2\/posts"}],"about":[{"href":"https:\/\/consortiulcorona.ro\/index.php?rest_route=\/wp\/v2\/types\/post"}],"author":[{"embeddable":true,"href":"https:\/\/consortiulcorona.ro\/index.php?rest_route=\/wp\/v2\/users\/1"}],"replies":[{"embeddable":true,"href":"https:\/\/consortiulcorona.ro\/index.php?rest_route=%2Fwp%2Fv2%2Fcomments&post=204"}],"version-history":[{"count":2,"href":"https:\/\/consortiulcorona.ro\/index.php?rest_route=\/wp\/v2\/posts\/204\/revisions"}],"predecessor-version":[{"id":515,"href":"https:\/\/consortiulcorona.ro\/index.php?rest_route=\/wp\/v2\/posts\/204\/revisions\/515"}],"wp:featuredmedia":[{"embeddable":true,"href":"https:\/\/consortiulcorona.ro\/index.php?rest_route=\/wp\/v2\/media\/205"}],"wp:attachment":[{"href":"https:\/\/consortiulcorona.ro\/index.php?rest_route=%2Fwp%2Fv2%2Fmedia&parent=204"}],"wp:term":[{"taxonomy":"category","embeddable":true,"href":"https:\/\/consortiulcorona.ro\/index.php?rest_route=%2Fwp%2Fv2%2Fcategories&post=204"},{"taxonomy":"post_tag","embeddable":true,"href":"https:\/\/consortiulcorona.ro\/index.php?rest_route=%2Fwp%2Fv2%2Ftags&post=204"}],"curies":[{"name":"wp","href":"https:\/\/api.w.org\/{rel}","templated":true}]}}