{"id":179,"date":"2016-02-05T11:23:02","date_gmt":"2016-02-05T11:23:02","guid":{"rendered":"http:\/\/consortiulcorona.ro\/?p=179"},"modified":"2025-07-03T06:58:03","modified_gmt":"2025-07-03T06:58:03","slug":"nominalizari-premiile-anului-2015-in-cultura-la-brasov","status":"publish","type":"post","link":"https:\/\/consortiulcorona.ro\/?p=179","title":{"rendered":"Premiile Anului 2015 \u00een Cultur\u0103 la Bra\u0219ov"},"content":{"rendered":"<p>UPDATE: C\u00e2\u0219tig\u0103torii anului 2015 sunt urm\u0103torii:<\/p>\n<p>Proiectul cultural al anului: Reziden\u0163a Art\u0103 Contemporan\u0103 RAC &#8211; Centrul Cultural Reduta<br \/>\nExpozi\u0163ia anului: \u201eLa limitele ora\u015fului\u201d, Laborazon &#8211; \u00een cadrul festivalului Amural<br \/>\nCartea anului: Alexandru Mu\u015fina &#8211; Opera poetic\u0103<br \/>\nProiect muzical: Bra\u015fov Jazz&amp;Blues Festival &#8211; Asocia\u0163ia Fanzin<br \/>\nConcertul anului: \u201eMa plus Belle histoire d&#8217;Amour\u201d &#8211; Alexandra Fits \u015fi Kamerata Kronstadt<br \/>\nSpectacol dramatic al anului: \u201eDans\u00e2nd \u00een noapte\u201d &#8211; Teatrul Dramatic Sic\u0103 Alexandrescu<br \/>\nFestivalul anului: Amural &#8211; Asocia\u0163ia Amural<br \/>\nOrganiza\u0163ia cultural\u0103 a anului: Asocia\u0163ia Fanzin<br \/>\nDebut: Festivalul Amural<br \/>\nPersonalitatea anului: Promotorul idealist (Alina Floroi, Dan Oprea, Mara Opri\u015fiu etc)<\/p>\n<p>Consor\u021biul Cultural Corona decerneaz\u0103 Premiile Anului 2015 \u00een Cultur\u0103 la Bra\u0219ov. Gala Premiile Anului 2015 \u00een Cultur\u0103 la Bra\u0219ov va avea loc la Centrul Cultural Reduta, vineri, 19 februarie 2016, ora 18.00. Categoriile la care s-au f\u0103cut nominaliz\u0103ri pot fi consultate \u0219i votate la adresa <a href=\"https:\/\/docs.google.com\/forms\/d\/1oyBBZNjqA5yecIFm7EE8iNVRwxlF30F_YwkDzemdB5E\/viewform?fbzx=8072723031537097771\" target=\"_blank\" rel=\"nofollow noopener\">https:\/\/docs.google.com\/<wbr>forms\/d\/<wbr>1oyBBZNjqA5yecIFm7EE8iNVRwx<wbr>lF30F_YwkDzemdB5E\/<wbr>viewform?fbzx=8072723031537<wbr>097771<\/a><\/p>\n","protected":false},"excerpt":{"rendered":"<p>UPDATE: C\u00e2\u0219tig\u0103torii anului 2015 sunt urm\u0103torii: Proiectul cultural al anului: Reziden\u0163a Art\u0103 Contemporan\u0103 RAC &#8211; Centrul Cultural Reduta Expozi\u0163ia anului: \u201eLa limitele ora\u015fului\u201d, Laborazon &#8211; \u00een cadrul festivalului Amural Cartea anului: Alexandru Mu\u015fina &#8211; Opera poetic\u0103 Proiect muzical: Bra\u015fov Jazz&amp;Blues Festival &#8211; Asocia\u0163ia Fanzin Concertul anului: \u201eMa plus Belle histoire &#8230;<\/p>\n","protected":false},"author":1,"featured_media":0,"comment_status":"closed","ping_status":"closed","sticky":false,"template":"","format":"standard","meta":[],"categories":[65,5],"tags":[7,13,28],"_links":{"self":[{"href":"https:\/\/consortiulcorona.ro\/index.php?rest_route=\/wp\/v2\/posts\/179"}],"collection":[{"href":"https:\/\/consortiulcorona.ro\/index.php?rest_route=\/wp\/v2\/posts"}],"about":[{"href":"https:\/\/consortiulcorona.ro\/index.php?rest_route=\/wp\/v2\/types\/post"}],"author":[{"embeddable":true,"href":"https:\/\/consortiulcorona.ro\/index.php?rest_route=\/wp\/v2\/users\/1"}],"replies":[{"embeddable":true,"href":"https:\/\/consortiulcorona.ro\/index.php?rest_route=%2Fwp%2Fv2%2Fcomments&post=179"}],"version-history":[{"count":3,"href":"https:\/\/consortiulcorona.ro\/index.php?rest_route=\/wp\/v2\/posts\/179\/revisions"}],"predecessor-version":[{"id":519,"href":"https:\/\/consortiulcorona.ro\/index.php?rest_route=\/wp\/v2\/posts\/179\/revisions\/519"}],"wp:attachment":[{"href":"https:\/\/consortiulcorona.ro\/index.php?rest_route=%2Fwp%2Fv2%2Fmedia&parent=179"}],"wp:term":[{"taxonomy":"category","embeddable":true,"href":"https:\/\/consortiulcorona.ro\/index.php?rest_route=%2Fwp%2Fv2%2Fcategories&post=179"},{"taxonomy":"post_tag","embeddable":true,"href":"https:\/\/consortiulcorona.ro\/index.php?rest_route=%2Fwp%2Fv2%2Ftags&post=179"}],"curies":[{"name":"wp","href":"https:\/\/api.w.org\/{rel}","templated":true}]}}