{"id":165,"date":"2016-01-16T11:02:01","date_gmt":"2016-01-16T11:02:01","guid":{"rendered":"http:\/\/consortiulcorona.ro\/?p=165"},"modified":"2016-01-16T11:02:01","modified_gmt":"2016-01-16T11:02:01","slug":"linie-de-finantare-a-primariei-municipiului-brasov-pentru-proiecte-culturale","status":"publish","type":"post","link":"https:\/\/consortiulcorona.ro\/?p=165","title":{"rendered":"Linie de finan\u021bare a Prim\u0103riei Municipiului Bra\u0219ov pentru proiecte culturale"},"content":{"rendered":"<p><a class=\"profileLink\" href=\"https:\/\/www.facebook.com\/primariabrasov\/\" data-hovercard=\"\/ajax\/hovercard\/page.php?id=461995477211374\">Prim\u0103ria Municipiului Bra\u015fov<\/a> a lansat sesiunea depunerii de proiecte culturale care vor fi cofinan\u0163ate de la bugetul local \u00een anul 2016.<\/p>\n<p>P\u00e2n\u0103 pe 8 februarie 2016, data limit\u0103 a depunerii, arti\u015ftii, institu\u0163iile publice de cultur\u0103, ONG-urile \u015fi persoanele juridice de drept privat care desf\u0103\u015foar\u0103 activit\u0103\u0163i culturale pot solicita finan\u0163are pentru proiecte culturale, conform Ghidului Solicitantului. Dup\u0103 aceast\u0103 dat\u0103 vor \u00eencepe procedurile de selec\u0163ie.<\/p>\n<p>Toat\u0103 documenta\u0163ia necesar\u0103 este disponibil\u0103 pe site-ul Prim\u0103riei:<a href=\"http:\/\/l.facebook.com\/l.php?u=http%3A%2F%2Fbrasovcity.ro%2Findex.php%3Fck%3D14&amp;h=hAQERz0hYAQGxfEVLsNcl2lCiY6IZknieiqrh8HUrPGy9Rg&amp;enc=AZPf0RaiSrGnwdcrIQqRIZCAJxTwfAVA1z4_PDbMvJuw71GEvoUObDsCudO_2cq_BSjjaDUV42sy_w4IM8Xufxq2iN7McuR_tBj-VWz2UE837NgwwuLychRaGGdJYSr7FvxWLDjpx-yTCZPt4hUG_eg4bcP3S4_z1UY6b8l_-haohEjD0ghCAoMA4dyQ_29_EWsweGulCa9YPiSiHYqofHNb&amp;s=1\" target=\"_blank\" rel=\"nofollow\">http:\/\/brasovcity.ro\/index.php?ck=14<\/a><\/p>\n","protected":false},"excerpt":{"rendered":"<p>Prim\u0103ria Municipiului Bra\u015fov a lansat sesiunea depunerii de proiecte culturale care vor fi cofinan\u0163ate de la bugetul local \u00een anul 2016. P\u00e2n\u0103 pe 8 februarie 2016, data limit\u0103 a depunerii, arti\u015ftii, institu\u0163iile publice de cultur\u0103, ONG-urile \u015fi persoanele juridice de drept privat care desf\u0103\u015foar\u0103 activit\u0103\u0163i culturale pot solicita finan\u0163are pentru &#8230;<\/p>\n","protected":false},"author":1,"featured_media":0,"comment_status":"closed","ping_status":"closed","sticky":false,"template":"","format":"standard","meta":[],"categories":[5],"tags":[8,29,30],"_links":{"self":[{"href":"https:\/\/consortiulcorona.ro\/index.php?rest_route=\/wp\/v2\/posts\/165"}],"collection":[{"href":"https:\/\/consortiulcorona.ro\/index.php?rest_route=\/wp\/v2\/posts"}],"about":[{"href":"https:\/\/consortiulcorona.ro\/index.php?rest_route=\/wp\/v2\/types\/post"}],"author":[{"embeddable":true,"href":"https:\/\/consortiulcorona.ro\/index.php?rest_route=\/wp\/v2\/users\/1"}],"replies":[{"embeddable":true,"href":"https:\/\/consortiulcorona.ro\/index.php?rest_route=%2Fwp%2Fv2%2Fcomments&post=165"}],"version-history":[{"count":1,"href":"https:\/\/consortiulcorona.ro\/index.php?rest_route=\/wp\/v2\/posts\/165\/revisions"}],"predecessor-version":[{"id":166,"href":"https:\/\/consortiulcorona.ro\/index.php?rest_route=\/wp\/v2\/posts\/165\/revisions\/166"}],"wp:attachment":[{"href":"https:\/\/consortiulcorona.ro\/index.php?rest_route=%2Fwp%2Fv2%2Fmedia&parent=165"}],"wp:term":[{"taxonomy":"category","embeddable":true,"href":"https:\/\/consortiulcorona.ro\/index.php?rest_route=%2Fwp%2Fv2%2Fcategories&post=165"},{"taxonomy":"post_tag","embeddable":true,"href":"https:\/\/consortiulcorona.ro\/index.php?rest_route=%2Fwp%2Fv2%2Ftags&post=165"}],"curies":[{"name":"wp","href":"https:\/\/api.w.org\/{rel}","templated":true}]}}